{"id":8641,"date":"2021-10-24T11:48:22","date_gmt":"2021-10-24T11:48:22","guid":{"rendered":"https:\/\/www.baisogala.radviliskis.lm.lt\/?p=8641"},"modified":"2021-10-24T11:48:22","modified_gmt":"2021-10-24T11:48:22","slug":"akcija-skirta-prisiminti-ir-pagerbti-siais-metais-mirusius-lietuvos-karius","status":"publish","type":"post","link":"https:\/\/www.baisogala.radviliskis.lm.lt\/?p=8641","title":{"rendered":"Akcija, skirta prisiminti ir pagerbti \u0161iais metais mirusius Lietuvos karius"},"content":{"rendered":"<!-- index.php -->\n<div\n\tclass=\"ngg-galleryoverview ngg-ajax-pagination-none\"\n\tid=\"ngg-gallery-672a835d7b63b6a994d3af09d3ebbb29-1\">\n\n    \t\t<!-- Thumbnails -->\n\t\t\t\t<div id=\"ngg-image-0\" class=\"ngg-gallery-thumbnail-box\" >\n\t\t\t\t        <div class=\"ngg-gallery-thumbnail\">\n            <a href=\"https:\/\/www.baisogala.radviliskis.lm.lt\/wp-content\/gallery\/pagarbos-akcija\/1-2.jpg\"\n               title=\"\"\n               data-src=\"https:\/\/www.baisogala.radviliskis.lm.lt\/wp-content\/gallery\/pagarbos-akcija\/1-2.jpg\"\n               data-thumbnail=\"https:\/\/www.baisogala.radviliskis.lm.lt\/wp-content\/gallery\/pagarbos-akcija\/thumbs\/thumbs_1-2.jpg\"\n               data-image-id=\"3709\"\n               data-title=\"dav\"\n               data-description=\"\"\n               data-image-slug=\"1-2-32\"\n               class=\"shutterset_672a835d7b63b6a994d3af09d3ebbb29\">\n                <img\n                    title=\"dav\"\n                    alt=\"dav\"\n                    src=\"https:\/\/www.baisogala.radviliskis.lm.lt\/wp-content\/gallery\/pagarbos-akcija\/thumbs\/thumbs_1-2.jpg\"\n                    width=\"120\"\n                    height=\"90\"\n                    style=\"max-width:100%;\"\n                \/>\n            <\/a>\n        <\/div>\n\t\t\t\t\t\t\t<\/div> \n\t\t\t\n        \n\t\t\t\t<div id=\"ngg-image-1\" class=\"ngg-gallery-thumbnail-box\" >\n\t\t\t\t        <div class=\"ngg-gallery-thumbnail\">\n            <a href=\"https:\/\/www.baisogala.radviliskis.lm.lt\/wp-content\/gallery\/pagarbos-akcija\/1-3.jpg\"\n               title=\"\"\n               data-src=\"https:\/\/www.baisogala.radviliskis.lm.lt\/wp-content\/gallery\/pagarbos-akcija\/1-3.jpg\"\n               data-thumbnail=\"https:\/\/www.baisogala.radviliskis.lm.lt\/wp-content\/gallery\/pagarbos-akcija\/thumbs\/thumbs_1-3.jpg\"\n               data-image-id=\"3710\"\n               data-title=\"1-3\"\n               data-description=\"\"\n               data-image-slug=\"1-3-29\"\n               class=\"shutterset_672a835d7b63b6a994d3af09d3ebbb29\">\n                <img\n                    title=\"1-3\"\n                    alt=\"1-3\"\n                    src=\"https:\/\/www.baisogala.radviliskis.lm.lt\/wp-content\/gallery\/pagarbos-akcija\/thumbs\/thumbs_1-3.jpg\"\n                    width=\"120\"\n                    height=\"90\"\n                    style=\"max-width:100%;\"\n                \/>\n            <\/a>\n        <\/div>\n\t\t\t\t\t\t\t<\/div> \n\t\t\t\n        \n\t\t\t\t<div id=\"ngg-image-2\" class=\"ngg-gallery-thumbnail-box\" >\n\t\t\t\t        <div class=\"ngg-gallery-thumbnail\">\n            <a href=\"https:\/\/www.baisogala.radviliskis.lm.lt\/wp-content\/gallery\/pagarbos-akcija\/1-1.jpg\"\n               title=\"\"\n               data-src=\"https:\/\/www.baisogala.radviliskis.lm.lt\/wp-content\/gallery\/pagarbos-akcija\/1-1.jpg\"\n               data-thumbnail=\"https:\/\/www.baisogala.radviliskis.lm.lt\/wp-content\/gallery\/pagarbos-akcija\/thumbs\/thumbs_1-1.jpg\"\n               data-image-id=\"3711\"\n               data-title=\"dav\"\n               data-description=\"\"\n               data-image-slug=\"1-1-31\"\n               class=\"shutterset_672a835d7b63b6a994d3af09d3ebbb29\">\n                <img\n                    title=\"dav\"\n                    alt=\"dav\"\n                    src=\"https:\/\/www.baisogala.radviliskis.lm.lt\/wp-content\/gallery\/pagarbos-akcija\/thumbs\/thumbs_1-1.jpg\"\n                    width=\"120\"\n                    height=\"90\"\n                    style=\"max-width:100%;\"\n                \/>\n            <\/a>\n        <\/div>\n\t\t\t\t\t\t\t<\/div> \n\t\t\t\n        \n\t\t\t\t<div id=\"ngg-image-3\" class=\"ngg-gallery-thumbnail-box\" >\n\t\t\t\t        <div class=\"ngg-gallery-thumbnail\">\n            <a href=\"https:\/\/www.baisogala.radviliskis.lm.lt\/wp-content\/gallery\/pagarbos-akcija\/1-5.jpg\"\n               title=\"\"\n               data-src=\"https:\/\/www.baisogala.radviliskis.lm.lt\/wp-content\/gallery\/pagarbos-akcija\/1-5.jpg\"\n               data-thumbnail=\"https:\/\/www.baisogala.radviliskis.lm.lt\/wp-content\/gallery\/pagarbos-akcija\/thumbs\/thumbs_1-5.jpg\"\n               data-image-id=\"3712\"\n               data-title=\"1-5\"\n               data-description=\"\"\n               data-image-slug=\"1-5-25\"\n               class=\"shutterset_672a835d7b63b6a994d3af09d3ebbb29\">\n                <img\n                    title=\"1-5\"\n                    alt=\"1-5\"\n                    src=\"https:\/\/www.baisogala.radviliskis.lm.lt\/wp-content\/gallery\/pagarbos-akcija\/thumbs\/thumbs_1-5.jpg\"\n                    width=\"120\"\n                    height=\"90\"\n                    style=\"max-width:100%;\"\n                \/>\n            <\/a>\n        <\/div>\n\t\t\t\t\t\t\t<\/div> \n\t\t\t\n        \n\t\t\t\t<div id=\"ngg-image-4\" class=\"ngg-gallery-thumbnail-box\" >\n\t\t\t\t        <div class=\"ngg-gallery-thumbnail\">\n            <a href=\"https:\/\/www.baisogala.radviliskis.lm.lt\/wp-content\/gallery\/pagarbos-akcija\/1-4.jpg\"\n               title=\"\"\n               data-src=\"https:\/\/www.baisogala.radviliskis.lm.lt\/wp-content\/gallery\/pagarbos-akcija\/1-4.jpg\"\n               data-thumbnail=\"https:\/\/www.baisogala.radviliskis.lm.lt\/wp-content\/gallery\/pagarbos-akcija\/thumbs\/thumbs_1-4.jpg\"\n               data-image-id=\"3713\"\n               data-title=\"1-4\"\n               data-description=\"\"\n               data-image-slug=\"1-4-29\"\n               class=\"shutterset_672a835d7b63b6a994d3af09d3ebbb29\">\n                <img\n                    title=\"1-4\"\n                    alt=\"1-4\"\n                    src=\"https:\/\/www.baisogala.radviliskis.lm.lt\/wp-content\/gallery\/pagarbos-akcija\/thumbs\/thumbs_1-4.jpg\"\n                    width=\"120\"\n                    height=\"90\"\n                    style=\"max-width:100%;\"\n                \/>\n            <\/a>\n        <\/div>\n\t\t\t\t\t\t\t<\/div> \n\t\t\t\n        \n\t\t\n\t\t<!-- Pagination -->\n\t<div class='ngg-clear'><\/div>\t<\/div>\n\n<p>Spalio 22-24 dienomis Lietuvoje jau septint\u0105 kart\u0105 vyko&nbsp; b\u0117gimas \u201eIn Memoriam\u201c, skirtas mirusiems Lietuvos kariams pagerbti ir atminti. Pagarbos b\u0117gim\u0105 organizuoja Lietuvos did\u017eiosios kunigaik\u0161tien\u0117s Birut\u0117s karinink\u0173 \u0161eimos moter\u0173 s\u0105junga kartu su Lietuvos kariuomene bei j\u0105 remian\u010diomis organizacijomis.<!--more--><\/p>\n<p>Deja, ir \u0161iemet d\u0117l epidemiologin\u0117s situacijos b\u0117gimas negal\u0117jo vykti&nbsp; Vilniuje Vingio parke, tod\u0117l mes, Baisogalos 608 kuopos jaunieji&nbsp; \u0161auliai, remdami \u0161i\u0105 iniciatyv\u0105, pasirinkome distancij\u0105, ir \u012fveik\u0117me j\u0105&nbsp; taip prisid\u0117dami&nbsp; prie prasmingos tradicijos \u2013 pagarbos b\u0117gimo Am\u017einyb\u0117n i\u0161\u0117jusiems ginklo broliams ir ses\u0117ms. B\u0117gimo prad\u017eioje prie paminklo \u017euvusiems u\u017e Lietuvos laisv\u0119 jaunieji \u0161auliai pagerb\u0117 j\u0173 atminim\u0105.<\/p>\n<p>&nbsp;&nbsp;&nbsp;&nbsp;&nbsp;&nbsp;&nbsp;&nbsp;&nbsp;&nbsp;&nbsp;&nbsp;&nbsp;&nbsp;&nbsp;&nbsp;&nbsp;&nbsp;&nbsp;&nbsp;&nbsp;&nbsp;&nbsp;&nbsp;&nbsp;&nbsp;&nbsp;&nbsp;&nbsp;&nbsp;&nbsp;&nbsp;&nbsp;&nbsp;&nbsp;&nbsp;&nbsp;&nbsp;&nbsp;&nbsp;&nbsp;&nbsp;&nbsp;&nbsp;&nbsp;&nbsp;&nbsp;&nbsp;&nbsp;&nbsp;&nbsp;&nbsp;&nbsp;&nbsp;&nbsp;&nbsp;&nbsp;&nbsp;&nbsp;&nbsp;&nbsp;&nbsp;&nbsp;&nbsp;&nbsp;&nbsp;&nbsp;&nbsp;&nbsp;&nbsp;&nbsp;&nbsp;&nbsp;&nbsp;&nbsp;&nbsp;&nbsp;&nbsp;&nbsp;&nbsp;&nbsp;&nbsp;&nbsp;&nbsp;&nbsp; Giedr\u0117 Nakutien\u0117, 608 kuopos \u0161aul\u0117<\/p>\n","protected":false},"excerpt":{"rendered":"<p>Spalio 22-24 dienomis Lietuvoje jau septint\u0105 kart\u0105 vyko&nbsp; b\u0117gimas \u201eIn Memoriam\u201c, skirtas mirusiems Lietuvos kariams pagerbti ir atminti. Pagarbos b\u0117gim\u0105 organizuoja Lietuvos did\u017eiosios kunigaik\u0161tien\u0117s Birut\u0117s karinink\u0173 \u0161eimos moter\u0173 s\u0105junga kartu su Lietuvos kariuomene bei j\u0105 remian\u010diomis organizacijomis.<\/p>\n","protected":false},"author":1,"featured_media":0,"comment_status":"open","ping_status":"open","sticky":false,"template":"","format":"standard","meta":{"ngg_post_thumbnail":0,"footnotes":"","_links_to":"","_links_to_target":""},"categories":[1],"tags":[],"class_list":["post-8641","post","type-post","status-publish","format-standard","hentry","category-be-kategorijos"],"_links":{"self":[{"href":"https:\/\/www.baisogala.radviliskis.lm.lt\/index.php?rest_route=\/wp\/v2\/posts\/8641","targetHints":{"allow":["GET"]}}],"collection":[{"href":"https:\/\/www.baisogala.radviliskis.lm.lt\/index.php?rest_route=\/wp\/v2\/posts"}],"about":[{"href":"https:\/\/www.baisogala.radviliskis.lm.lt\/index.php?rest_route=\/wp\/v2\/types\/post"}],"author":[{"embeddable":true,"href":"https:\/\/www.baisogala.radviliskis.lm.lt\/index.php?rest_route=\/wp\/v2\/users\/1"}],"replies":[{"embeddable":true,"href":"https:\/\/www.baisogala.radviliskis.lm.lt\/index.php?rest_route=%2Fwp%2Fv2%2Fcomments&post=8641"}],"version-history":[{"count":1,"href":"https:\/\/www.baisogala.radviliskis.lm.lt\/index.php?rest_route=\/wp\/v2\/posts\/8641\/revisions"}],"predecessor-version":[{"id":8642,"href":"https:\/\/www.baisogala.radviliskis.lm.lt\/index.php?rest_route=\/wp\/v2\/posts\/8641\/revisions\/8642"}],"wp:attachment":[{"href":"https:\/\/www.baisogala.radviliskis.lm.lt\/index.php?rest_route=%2Fwp%2Fv2%2Fmedia&parent=8641"}],"wp:term":[{"taxonomy":"category","embeddable":true,"href":"https:\/\/www.baisogala.radviliskis.lm.lt\/index.php?rest_route=%2Fwp%2Fv2%2Fcategories&post=8641"},{"taxonomy":"post_tag","embeddable":true,"href":"https:\/\/www.baisogala.radviliskis.lm.lt\/index.php?rest_route=%2Fwp%2Fv2%2Ftags&post=8641"}],"curies":[{"name":"wp","href":"https:\/\/api.w.org\/{rel}","templated":true}]}}