{"id":8562,"date":"2021-09-23T18:28:41","date_gmt":"2021-09-23T18:28:41","guid":{"rendered":"https:\/\/www.baisogala.radviliskis.lm.lt\/?p=8562"},"modified":"2021-09-23T18:28:41","modified_gmt":"2021-09-23T18:28:41","slug":"kaip-buti-pilietiskam","status":"publish","type":"post","link":"https:\/\/www.baisogala.radviliskis.lm.lt\/?p=8562","title":{"rendered":"Kaip b\u016bti pilieti\u0161kam?"},"content":{"rendered":"<!-- index.php -->\n<div\n\tclass=\"ngg-galleryoverview ngg-ajax-pagination-none\"\n\tid=\"ngg-gallery-691fbcd2153e2f6ba1fd1480c3461de7-1\">\n\n    \t\t<!-- Thumbnails -->\n\t\t\t\t<div id=\"ngg-image-0\" class=\"ngg-gallery-thumbnail-box\" >\n\t\t\t\t        <div class=\"ngg-gallery-thumbnail\">\n            <a href=\"https:\/\/www.baisogala.radviliskis.lm.lt\/wp-content\/gallery\/pilietiskumo-diena2021-09-23\/Pilietiskumo-diena-2021m.-43-Copy.JPG\"\n               title=\"\"\n               data-src=\"https:\/\/www.baisogala.radviliskis.lm.lt\/wp-content\/gallery\/pilietiskumo-diena2021-09-23\/Pilietiskumo-diena-2021m.-43-Copy.JPG\"\n               data-thumbnail=\"https:\/\/www.baisogala.radviliskis.lm.lt\/wp-content\/gallery\/pilietiskumo-diena2021-09-23\/thumbs\/thumbs_Pilietiskumo-diena-2021m.-43-Copy.JPG\"\n               data-image-id=\"3694\"\n               data-title=\"Pilietiskumo-diena-2021m.-43-Copy\"\n               data-description=\"\"\n               data-image-slug=\"pilietiskumo-diena-2021m-43-copy\"\n               class=\"shutterset_691fbcd2153e2f6ba1fd1480c3461de7\">\n                <img\n                    title=\"Pilietiskumo-diena-2021m.-43-Copy\"\n                    alt=\"Pilietiskumo-diena-2021m.-43-Copy\"\n                    src=\"https:\/\/www.baisogala.radviliskis.lm.lt\/wp-content\/gallery\/pilietiskumo-diena2021-09-23\/thumbs\/thumbs_Pilietiskumo-diena-2021m.-43-Copy.JPG\"\n                    width=\"120\"\n                    height=\"90\"\n                    style=\"max-width:100%;\"\n                \/>\n            <\/a>\n        <\/div>\n\t\t\t\t\t\t\t<\/div> \n\t\t\t\n        \n\t\t\t\t<div id=\"ngg-image-1\" class=\"ngg-gallery-thumbnail-box\" >\n\t\t\t\t        <div class=\"ngg-gallery-thumbnail\">\n            <a href=\"https:\/\/www.baisogala.radviliskis.lm.lt\/wp-content\/gallery\/pilietiskumo-diena2021-09-23\/Pilietiskumo-diena-2021m.-86-Copy.JPG\"\n               title=\"\"\n               data-src=\"https:\/\/www.baisogala.radviliskis.lm.lt\/wp-content\/gallery\/pilietiskumo-diena2021-09-23\/Pilietiskumo-diena-2021m.-86-Copy.JPG\"\n               data-thumbnail=\"https:\/\/www.baisogala.radviliskis.lm.lt\/wp-content\/gallery\/pilietiskumo-diena2021-09-23\/thumbs\/thumbs_Pilietiskumo-diena-2021m.-86-Copy.JPG\"\n               data-image-id=\"3695\"\n               data-title=\"Pilietiskumo-diena-2021m.-86-Copy\"\n               data-description=\"\"\n               data-image-slug=\"pilietiskumo-diena-2021m-86-copy\"\n               class=\"shutterset_691fbcd2153e2f6ba1fd1480c3461de7\">\n                <img\n                    title=\"Pilietiskumo-diena-2021m.-86-Copy\"\n                    alt=\"Pilietiskumo-diena-2021m.-86-Copy\"\n                    src=\"https:\/\/www.baisogala.radviliskis.lm.lt\/wp-content\/gallery\/pilietiskumo-diena2021-09-23\/thumbs\/thumbs_Pilietiskumo-diena-2021m.-86-Copy.JPG\"\n                    width=\"120\"\n                    height=\"90\"\n                    style=\"max-width:100%;\"\n                \/>\n            <\/a>\n        <\/div>\n\t\t\t\t\t\t\t<\/div> \n\t\t\t\n        \n\t\t\t\t<div id=\"ngg-image-2\" class=\"ngg-gallery-thumbnail-box\" >\n\t\t\t\t        <div class=\"ngg-gallery-thumbnail\">\n            <a href=\"https:\/\/www.baisogala.radviliskis.lm.lt\/wp-content\/gallery\/pilietiskumo-diena2021-09-23\/Pilietiskumo-diena-2021-09-23-Copy.JPG\"\n               title=\"\"\n               data-src=\"https:\/\/www.baisogala.radviliskis.lm.lt\/wp-content\/gallery\/pilietiskumo-diena2021-09-23\/Pilietiskumo-diena-2021-09-23-Copy.JPG\"\n               data-thumbnail=\"https:\/\/www.baisogala.radviliskis.lm.lt\/wp-content\/gallery\/pilietiskumo-diena2021-09-23\/thumbs\/thumbs_Pilietiskumo-diena-2021-09-23-Copy.JPG\"\n               data-image-id=\"3696\"\n               data-title=\"Pilietiskumo-diena-2021-09-23-Copy\"\n               data-description=\"\"\n               data-image-slug=\"pilietiskumo-diena-2021-09-23-copy\"\n               class=\"shutterset_691fbcd2153e2f6ba1fd1480c3461de7\">\n                <img\n                    title=\"Pilietiskumo-diena-2021-09-23-Copy\"\n                    alt=\"Pilietiskumo-diena-2021-09-23-Copy\"\n                    src=\"https:\/\/www.baisogala.radviliskis.lm.lt\/wp-content\/gallery\/pilietiskumo-diena2021-09-23\/thumbs\/thumbs_Pilietiskumo-diena-2021-09-23-Copy.JPG\"\n                    width=\"120\"\n                    height=\"90\"\n                    style=\"max-width:100%;\"\n                \/>\n            <\/a>\n        <\/div>\n\t\t\t\t\t\t\t<\/div> \n\t\t\t\n        \n\t\t\t\t<div id=\"ngg-image-3\" class=\"ngg-gallery-thumbnail-box\" >\n\t\t\t\t        <div class=\"ngg-gallery-thumbnail\">\n            <a href=\"https:\/\/www.baisogala.radviliskis.lm.lt\/wp-content\/gallery\/pilietiskumo-diena2021-09-23\/Pilietiskumo-diena-2021-09-23-2-Copy.JPG\"\n               title=\"\"\n               data-src=\"https:\/\/www.baisogala.radviliskis.lm.lt\/wp-content\/gallery\/pilietiskumo-diena2021-09-23\/Pilietiskumo-diena-2021-09-23-2-Copy.JPG\"\n               data-thumbnail=\"https:\/\/www.baisogala.radviliskis.lm.lt\/wp-content\/gallery\/pilietiskumo-diena2021-09-23\/thumbs\/thumbs_Pilietiskumo-diena-2021-09-23-2-Copy.JPG\"\n               data-image-id=\"3697\"\n               data-title=\"Pilietiskumo-diena-2021-09-23-2-Copy\"\n               data-description=\"\"\n               data-image-slug=\"pilietiskumo-diena-2021-09-23-2-copy\"\n               class=\"shutterset_691fbcd2153e2f6ba1fd1480c3461de7\">\n                <img\n                    title=\"Pilietiskumo-diena-2021-09-23-2-Copy\"\n                    alt=\"Pilietiskumo-diena-2021-09-23-2-Copy\"\n                    src=\"https:\/\/www.baisogala.radviliskis.lm.lt\/wp-content\/gallery\/pilietiskumo-diena2021-09-23\/thumbs\/thumbs_Pilietiskumo-diena-2021-09-23-2-Copy.JPG\"\n                    width=\"120\"\n                    height=\"90\"\n                    style=\"max-width:100%;\"\n                \/>\n            <\/a>\n        <\/div>\n\t\t\t\t\t\t\t<\/div> \n\t\t\t\n        \n\t\t\t\t<div id=\"ngg-image-4\" class=\"ngg-gallery-thumbnail-box\" >\n\t\t\t\t        <div class=\"ngg-gallery-thumbnail\">\n            <a href=\"https:\/\/www.baisogala.radviliskis.lm.lt\/wp-content\/gallery\/pilietiskumo-diena2021-09-23\/Pilietiskumo-diena-2021m.-8-Copy.JPG\"\n               title=\"\"\n               data-src=\"https:\/\/www.baisogala.radviliskis.lm.lt\/wp-content\/gallery\/pilietiskumo-diena2021-09-23\/Pilietiskumo-diena-2021m.-8-Copy.JPG\"\n               data-thumbnail=\"https:\/\/www.baisogala.radviliskis.lm.lt\/wp-content\/gallery\/pilietiskumo-diena2021-09-23\/thumbs\/thumbs_Pilietiskumo-diena-2021m.-8-Copy.JPG\"\n               data-image-id=\"3698\"\n               data-title=\"Pilietiskumo-diena-2021m.-8-Copy\"\n               data-description=\"\"\n               data-image-slug=\"pilietiskumo-diena-2021m-8-copy\"\n               class=\"shutterset_691fbcd2153e2f6ba1fd1480c3461de7\">\n                <img\n                    title=\"Pilietiskumo-diena-2021m.-8-Copy\"\n                    alt=\"Pilietiskumo-diena-2021m.-8-Copy\"\n                    src=\"https:\/\/www.baisogala.radviliskis.lm.lt\/wp-content\/gallery\/pilietiskumo-diena2021-09-23\/thumbs\/thumbs_Pilietiskumo-diena-2021m.-8-Copy.JPG\"\n                    width=\"120\"\n                    height=\"90\"\n                    style=\"max-width:100%;\"\n                \/>\n            <\/a>\n        <\/div>\n\t\t\t\t\t\t\t<\/div> \n\t\t\t\n        \n\t\t\t\t<div id=\"ngg-image-5\" class=\"ngg-gallery-thumbnail-box\" >\n\t\t\t\t        <div class=\"ngg-gallery-thumbnail\">\n            <a href=\"https:\/\/www.baisogala.radviliskis.lm.lt\/wp-content\/gallery\/pilietiskumo-diena2021-09-23\/Pilietiskumo-diena-2021m.-49-Copy.JPG\"\n               title=\"\"\n               data-src=\"https:\/\/www.baisogala.radviliskis.lm.lt\/wp-content\/gallery\/pilietiskumo-diena2021-09-23\/Pilietiskumo-diena-2021m.-49-Copy.JPG\"\n               data-thumbnail=\"https:\/\/www.baisogala.radviliskis.lm.lt\/wp-content\/gallery\/pilietiskumo-diena2021-09-23\/thumbs\/thumbs_Pilietiskumo-diena-2021m.-49-Copy.JPG\"\n               data-image-id=\"3699\"\n               data-title=\"Pilietiskumo-diena-2021m.-49-Copy\"\n               data-description=\"\"\n               data-image-slug=\"pilietiskumo-diena-2021m-49-copy\"\n               class=\"shutterset_691fbcd2153e2f6ba1fd1480c3461de7\">\n                <img\n                    title=\"Pilietiskumo-diena-2021m.-49-Copy\"\n                    alt=\"Pilietiskumo-diena-2021m.-49-Copy\"\n                    src=\"https:\/\/www.baisogala.radviliskis.lm.lt\/wp-content\/gallery\/pilietiskumo-diena2021-09-23\/thumbs\/thumbs_Pilietiskumo-diena-2021m.-49-Copy.JPG\"\n                    width=\"120\"\n                    height=\"90\"\n                    style=\"max-width:100%;\"\n                \/>\n            <\/a>\n        <\/div>\n\t\t\t\t\t\t\t<\/div> \n\t\t\t\n        \n\t\t\t\t<div id=\"ngg-image-6\" class=\"ngg-gallery-thumbnail-box\" >\n\t\t\t\t        <div class=\"ngg-gallery-thumbnail\">\n            <a href=\"https:\/\/www.baisogala.radviliskis.lm.lt\/wp-content\/gallery\/pilietiskumo-diena2021-09-23\/Pilietiskumo-diena-2021m.-52-Copy.JPG\"\n               title=\"\"\n               data-src=\"https:\/\/www.baisogala.radviliskis.lm.lt\/wp-content\/gallery\/pilietiskumo-diena2021-09-23\/Pilietiskumo-diena-2021m.-52-Copy.JPG\"\n               data-thumbnail=\"https:\/\/www.baisogala.radviliskis.lm.lt\/wp-content\/gallery\/pilietiskumo-diena2021-09-23\/thumbs\/thumbs_Pilietiskumo-diena-2021m.-52-Copy.JPG\"\n               data-image-id=\"3700\"\n               data-title=\"Pilietiskumo-diena-2021m.-52-Copy\"\n               data-description=\"\"\n               data-image-slug=\"pilietiskumo-diena-2021m-52-copy\"\n               class=\"shutterset_691fbcd2153e2f6ba1fd1480c3461de7\">\n                <img\n                    title=\"Pilietiskumo-diena-2021m.-52-Copy\"\n                    alt=\"Pilietiskumo-diena-2021m.-52-Copy\"\n                    src=\"https:\/\/www.baisogala.radviliskis.lm.lt\/wp-content\/gallery\/pilietiskumo-diena2021-09-23\/thumbs\/thumbs_Pilietiskumo-diena-2021m.-52-Copy.JPG\"\n                    width=\"120\"\n                    height=\"90\"\n                    style=\"max-width:100%;\"\n                \/>\n            <\/a>\n        <\/div>\n\t\t\t\t\t\t\t<\/div> \n\t\t\t\n        \n\t\t\t\t<div id=\"ngg-image-7\" class=\"ngg-gallery-thumbnail-box\" >\n\t\t\t\t        <div class=\"ngg-gallery-thumbnail\">\n            <a href=\"https:\/\/www.baisogala.radviliskis.lm.lt\/wp-content\/gallery\/pilietiskumo-diena2021-09-23\/Pilietiskumo-diena-2021m.-76-Copy.JPG\"\n               title=\"\"\n               data-src=\"https:\/\/www.baisogala.radviliskis.lm.lt\/wp-content\/gallery\/pilietiskumo-diena2021-09-23\/Pilietiskumo-diena-2021m.-76-Copy.JPG\"\n               data-thumbnail=\"https:\/\/www.baisogala.radviliskis.lm.lt\/wp-content\/gallery\/pilietiskumo-diena2021-09-23\/thumbs\/thumbs_Pilietiskumo-diena-2021m.-76-Copy.JPG\"\n               data-image-id=\"3701\"\n               data-title=\"Pilietiskumo-diena-2021m.-76-Copy\"\n               data-description=\"\"\n               data-image-slug=\"pilietiskumo-diena-2021m-76-copy\"\n               class=\"shutterset_691fbcd2153e2f6ba1fd1480c3461de7\">\n                <img\n                    title=\"Pilietiskumo-diena-2021m.-76-Copy\"\n                    alt=\"Pilietiskumo-diena-2021m.-76-Copy\"\n                    src=\"https:\/\/www.baisogala.radviliskis.lm.lt\/wp-content\/gallery\/pilietiskumo-diena2021-09-23\/thumbs\/thumbs_Pilietiskumo-diena-2021m.-76-Copy.JPG\"\n                    width=\"120\"\n                    height=\"90\"\n                    style=\"max-width:100%;\"\n                \/>\n            <\/a>\n        <\/div>\n\t\t\t\t\t\t\t<\/div> \n\t\t\t\n        \n\t\t\t\t<div id=\"ngg-image-8\" class=\"ngg-gallery-thumbnail-box\" >\n\t\t\t\t        <div class=\"ngg-gallery-thumbnail\">\n            <a href=\"https:\/\/www.baisogala.radviliskis.lm.lt\/wp-content\/gallery\/pilietiskumo-diena2021-09-23\/Pilietiskumo-diena-2021m.-138-Copy.JPG\"\n               title=\"\"\n               data-src=\"https:\/\/www.baisogala.radviliskis.lm.lt\/wp-content\/gallery\/pilietiskumo-diena2021-09-23\/Pilietiskumo-diena-2021m.-138-Copy.JPG\"\n               data-thumbnail=\"https:\/\/www.baisogala.radviliskis.lm.lt\/wp-content\/gallery\/pilietiskumo-diena2021-09-23\/thumbs\/thumbs_Pilietiskumo-diena-2021m.-138-Copy.JPG\"\n               data-image-id=\"3702\"\n               data-title=\"Pilietiskumo-diena-2021m.-138-Copy\"\n               data-description=\"\"\n               data-image-slug=\"pilietiskumo-diena-2021m-138-copy\"\n               class=\"shutterset_691fbcd2153e2f6ba1fd1480c3461de7\">\n                <img\n                    title=\"Pilietiskumo-diena-2021m.-138-Copy\"\n                    alt=\"Pilietiskumo-diena-2021m.-138-Copy\"\n                    src=\"https:\/\/www.baisogala.radviliskis.lm.lt\/wp-content\/gallery\/pilietiskumo-diena2021-09-23\/thumbs\/thumbs_Pilietiskumo-diena-2021m.-138-Copy.JPG\"\n                    width=\"120\"\n                    height=\"90\"\n                    style=\"max-width:100%;\"\n                \/>\n            <\/a>\n        <\/div>\n\t\t\t\t\t\t\t<\/div> \n\t\t\t\n        \n\t\t\t\t<div id=\"ngg-image-9\" class=\"ngg-gallery-thumbnail-box\" >\n\t\t\t\t        <div class=\"ngg-gallery-thumbnail\">\n            <a href=\"https:\/\/www.baisogala.radviliskis.lm.lt\/wp-content\/gallery\/pilietiskumo-diena2021-09-23\/Pilietiskumo-diena-2021m.-98-Copy.JPG\"\n               title=\"\"\n               data-src=\"https:\/\/www.baisogala.radviliskis.lm.lt\/wp-content\/gallery\/pilietiskumo-diena2021-09-23\/Pilietiskumo-diena-2021m.-98-Copy.JPG\"\n               data-thumbnail=\"https:\/\/www.baisogala.radviliskis.lm.lt\/wp-content\/gallery\/pilietiskumo-diena2021-09-23\/thumbs\/thumbs_Pilietiskumo-diena-2021m.-98-Copy.JPG\"\n               data-image-id=\"3703\"\n               data-title=\"Pilietiskumo-diena-2021m.-98-Copy\"\n               data-description=\"\"\n               data-image-slug=\"pilietiskumo-diena-2021m-98-copy\"\n               class=\"shutterset_691fbcd2153e2f6ba1fd1480c3461de7\">\n                <img\n                    title=\"Pilietiskumo-diena-2021m.-98-Copy\"\n                    alt=\"Pilietiskumo-diena-2021m.-98-Copy\"\n                    src=\"https:\/\/www.baisogala.radviliskis.lm.lt\/wp-content\/gallery\/pilietiskumo-diena2021-09-23\/thumbs\/thumbs_Pilietiskumo-diena-2021m.-98-Copy.JPG\"\n                    width=\"120\"\n                    height=\"90\"\n                    style=\"max-width:100%;\"\n                \/>\n            <\/a>\n        <\/div>\n\t\t\t\t\t\t\t<\/div> \n\t\t\t\n        \n\t\t\n\t\t<!-- Pagination -->\n\t<div class='ngg-clear'><\/div>\t<\/div>\n\n<p>\u012e \u0161\u012f klausim\u0105 ie\u0161kojo atsakymo Baisogalos gimnazijos mokiniai rugs\u0117jo 23 d. dalyvaudami gimnazijos bendruomen\u0117s pilieti\u0161kumo ugdymo dienos ,,Pilietinis pasiprie\u0161inimas \u2013 kaip j\u012f suprantame \u0161iandien\u201c veiklose.<\/p>\n<p>Pirm\u0105j\u012f u\u017esi\u0117mim\u0105 klasi\u0173 vadovai skyr\u0117 diskusijai su aukl\u0117tiniais projektin\u0117s dienos organizatori\u0173 pasi\u016blytomis temomis: Balt\u0173 vienyb\u0117s diena, Lietuvos \u017eyd\u0173 genocido min\u0117jimo diena, pokario rezistencija \u2013 pilietinio pasiprie\u0161inimo pavyzdys, nacionalinis saugumas. Diskusijos pabaigoje nuskamb\u0117j\u0119s pavojaus signalas patikrino gimnazijos bendruomen\u0117s budrum\u0105 \u2013 tariamas gaisras primin\u0117 evakuacijos taisykli\u0173 paisymo b\u016btinum\u0105.<!--more--><\/p>\n<p>Likus\u012f laik\u0105 mokiniai ir mokytojai praleido \u012fvairiose edukacijose gimnazijos aplinkoje. 5-8 klasi\u0173 mokiniai susidom\u0117j\u0119 steb\u0117jo viduram\u017ei\u0173 riteri\u0173 stovyklaviet\u0119, ginkluot\u0119 ir kov\u0105. Edukacija ,,Riterija Lietuvos Did\u017eiojoje Kunigaik\u0161tyst\u0117je\u201c nuk\u0117l\u0117 mokinius \u012f Vytauto Did\u017eiojo laik\u0173 Lietuv\u0105, kai susiformavo Lietuvos riteri\u0173 luomas. Programoje dalyvav\u0119 riteriai \u2013 kry\u017eiuotis ir lietuvi\u0173 bajoras ne tik pristat\u0117 autenti\u0161k\u0105 aprang\u0105, ginkluot\u0119, bet ir pademonstravo kovos men\u0105. Dr\u0105siausi mokiniai paband\u0117 akimirk\u0105 tapti kovojan\u010diais riteriais.<\/p>\n<p>Pana\u0161ia tematika gimnazijos akt\u0173 sal\u0117je vyko edukacija ,,Ginklai, suk\u016br\u0119 ir gyn\u0119 Lietuv\u0105\u201c. Ji skirta supa\u017eindinti su XI \u2013 XIII a. balt\u0173 ginklais ir \u0161arvuote. Ne tik ekrane, bet ir ,,gyvai\u201c mokiniai gal\u0117jo ap\u017ei\u016br\u0117ti sen\u0173j\u0173&nbsp;&nbsp; ginkl\u0173 kopijas, pasimatuoti sunkokus \u0161almus bei \u0161arvus. Ypa\u010d mokinius domino edukatoriaus asmenin\u0117 patirtis riteri\u0173 turnyruose.<\/p>\n<p>&nbsp;Ypa\u010d smagiai laik\u0105 mokiniai leido sporto sal\u0117je edukacijoje ,,Tradiciniai lietuvi\u0173 liaudies \u017eaidimai ir pramogos\u201c. Pirmiausia ak\u012f trauk\u0117 daugyb\u0117 sal\u0117je i\u0161d\u0117liot\u0173 nematyt\u0173 medini\u0173 \u012franki\u0173, kurie, pasirodo, yra puik\u016bs laisvalaikio palydovai. Pirmiausia mokiniai buvo supa\u017eindinti su d\u016bdeli\u0173 i\u0161 nendri\u0173 dro\u017eimu. Paskui daugelis nor\u0117jo i\u0161bandyti \u012fvairius \u017eaidimus naudodami medines lazdas: ,,Reke\u017eio nuvertimas\u201c, ,,Rank\u0173 j\u0117gos bandymas\u201c, ,,I\u0161st\u016bmimas i\u0161 rato\u201c ir kt. Kai kurie miklino rank\u0105 pliau\u0161k\u0117dami ilgais botagais. Pama\u017eu sporto sal\u0117 prisipild\u0117 besitreniruojan\u010di\u0173 vaik\u0173.<\/p>\n<p>Visos edukacin\u0117s programos buvo finansuotos i\u0161 mokiniams skirto kult\u016bros paso l\u0117\u0161\u0173.<\/p>\n<p>Be pramog\u0173, 5-8 klasi\u0173 mokiniai dalyvavo pirmosios pagalbos teikimo mokymuose. Kaip taisyklingai atlikti dirbtin\u012f kv\u0117pavim\u0105 su prietaisu ir be jo, kaip pad\u0117ti patyrusiam traumas, mok\u0117 gimnazijos slaugytoja D. Janu\u0161auskien\u0117, jai talkino gimnazijos socialin\u0117 pedagog\u0117 D, Garuckien\u0117.<\/p>\n<p>Gimnazijos pirmokai pilieti\u0161kumo mok\u0117si Minai\u010di\u0173 memorialiniame muziejuje \u2013 bunkeryje, kuriame 1949 m. buvo \u012fkurtas Lietuvos laisv\u0117s kovos s\u0105j\u016bdis ir pasira\u0161yta partizan\u0173 vad\u0173 Deklaracija, liudijanti Lietuvos nepriklausomyb\u0119.<\/p>\n<p>II- IV klasi\u0173 gimnazistai tur\u0117jo prog\u0105 susipa\u017einti su \u0161iandienine karyba: ginklais, ekipuote, maskuote, karo tarnybos patirtimi, net patys i\u0161bandyti j\u0117gas estafet\u0117se gimnazijos stadione. \u0160i\u0105 edukacij\u0105 vykd\u0117 Karo prievol\u0117s ir komplektavimo tarnybos \u0160iauli\u0173 regiono karo prievol\u0117s ir komplektavimo skyriaus kariai: kpt. Ieva Mocien\u0117, \u0161t. sr\u017e. Osvaldas Sinu\u0161as, vyr. sr\u017e. Vytautas Juknevi\u010dius ir Darius Pileckas ir kt. Be to, vyresnieji steb\u0117jo ,,Delfi\u201c socialinio projekto ,,Ne\u017eVairuok!\u201c &nbsp;dokumentin\u012f film\u0105, pasakojant\u012f apie tai, kokie pavojai tyko vairuojant\u012f paspirtuk\u0105, dvirat\u012f ar automobil\u012f ir tuo pa\u010diu metu \u017evairuojant\u012f \u012f telefon\u0105.<\/p>\n<p>Visos edukacijos projektin\u0119 dien\u0105 buvo skirtos ugdyti mokini\u0173 pilietin\u0119 atsakomyb\u0119 ir s\u0105moningum\u0105. Projekto iniciatoriai \u2013 Baisogalos gimnazijos istorijos ir pilieti\u0161kumo mokytojai Lilijana Bagdonien\u0117 ir Mindaugas Vilnius, kurator\u0117 \u2013 direktoriaus pavaduotoja ugdymui Asta Juzukonien\u0117.<\/p>\n<p>&nbsp;&nbsp;&nbsp;&nbsp;&nbsp;&nbsp;&nbsp;&nbsp;&nbsp;&nbsp;&nbsp;&nbsp;&nbsp;&nbsp;&nbsp;&nbsp;&nbsp;&nbsp;&nbsp;&nbsp;&nbsp;&nbsp;&nbsp;&nbsp;&nbsp;&nbsp;&nbsp;&nbsp;&nbsp;&nbsp;&nbsp;&nbsp;&nbsp;&nbsp;&nbsp;&nbsp;&nbsp;&nbsp;&nbsp;&nbsp;&nbsp;&nbsp;&nbsp;&nbsp;&nbsp;&nbsp;&nbsp;&nbsp;&nbsp;&nbsp;&nbsp;&nbsp;&nbsp;&nbsp;&nbsp;&nbsp;&nbsp;&nbsp;&nbsp;&nbsp;&nbsp;&nbsp;&nbsp;&nbsp; Birut\u0117 Ged\u017eiuvien\u0117<\/p>\n","protected":false},"excerpt":{"rendered":"<p>\u012e \u0161\u012f klausim\u0105 ie\u0161kojo atsakymo Baisogalos gimnazijos mokiniai rugs\u0117jo 23 d. dalyvaudami gimnazijos bendruomen\u0117s pilieti\u0161kumo ugdymo dienos ,,Pilietinis pasiprie\u0161inimas \u2013 kaip j\u012f suprantame \u0161iandien\u201c veiklose. Pirm\u0105j\u012f u\u017esi\u0117mim\u0105 klasi\u0173 vadovai skyr\u0117 diskusijai su aukl\u0117tiniais projektin\u0117s dienos organizatori\u0173 pasi\u016blytomis temomis: Balt\u0173 vienyb\u0117s &hellip; <a href=\"https:\/\/www.baisogala.radviliskis.lm.lt\/?p=8562\">Skaityti daugiau <span class=\"meta-nav\">&rarr;<\/span><\/a><\/p>\n","protected":false},"author":1,"featured_media":0,"comment_status":"open","ping_status":"open","sticky":false,"template":"","format":"standard","meta":{"ngg_post_thumbnail":0,"footnotes":"","_links_to":"","_links_to_target":""},"categories":[1],"tags":[],"class_list":["post-8562","post","type-post","status-publish","format-standard","hentry","category-be-kategorijos"],"_links":{"self":[{"href":"https:\/\/www.baisogala.radviliskis.lm.lt\/index.php?rest_route=\/wp\/v2\/posts\/8562","targetHints":{"allow":["GET"]}}],"collection":[{"href":"https:\/\/www.baisogala.radviliskis.lm.lt\/index.php?rest_route=\/wp\/v2\/posts"}],"about":[{"href":"https:\/\/www.baisogala.radviliskis.lm.lt\/index.php?rest_route=\/wp\/v2\/types\/post"}],"author":[{"embeddable":true,"href":"https:\/\/www.baisogala.radviliskis.lm.lt\/index.php?rest_route=\/wp\/v2\/users\/1"}],"replies":[{"embeddable":true,"href":"https:\/\/www.baisogala.radviliskis.lm.lt\/index.php?rest_route=%2Fwp%2Fv2%2Fcomments&post=8562"}],"version-history":[{"count":1,"href":"https:\/\/www.baisogala.radviliskis.lm.lt\/index.php?rest_route=\/wp\/v2\/posts\/8562\/revisions"}],"predecessor-version":[{"id":8563,"href":"https:\/\/www.baisogala.radviliskis.lm.lt\/index.php?rest_route=\/wp\/v2\/posts\/8562\/revisions\/8563"}],"wp:attachment":[{"href":"https:\/\/www.baisogala.radviliskis.lm.lt\/index.php?rest_route=%2Fwp%2Fv2%2Fmedia&parent=8562"}],"wp:term":[{"taxonomy":"category","embeddable":true,"href":"https:\/\/www.baisogala.radviliskis.lm.lt\/index.php?rest_route=%2Fwp%2Fv2%2Fcategories&post=8562"},{"taxonomy":"post_tag","embeddable":true,"href":"https:\/\/www.baisogala.radviliskis.lm.lt\/index.php?rest_route=%2Fwp%2Fv2%2Ftags&post=8562"}],"curies":[{"name":"wp","href":"https:\/\/api.w.org\/{rel}","templated":true}]}}