{"id":8242,"date":"2021-03-26T14:44:36","date_gmt":"2021-03-26T14:44:36","guid":{"rendered":"https:\/\/www.baisogala.radviliskis.lm.lt\/?p=8242"},"modified":"2021-03-26T14:51:24","modified_gmt":"2021-03-26T14:51:24","slug":"mano-svajoniu-profesija-2021-nugaletojai","status":"publish","type":"post","link":"https:\/\/www.baisogala.radviliskis.lm.lt\/?p=8242","title":{"rendered":"\u201eMano svajoni\u0173 profesija 2021\u201c nugal\u0117tojai"},"content":{"rendered":"<!-- index.php -->\n<div\n\tclass=\"ngg-galleryoverview ngg-ajax-pagination-none\"\n\tid=\"ngg-gallery-da9c471cfaf6048c8eaeae4d9b8d2a2d-1\">\n\n    \t\t<!-- Thumbnails -->\n\t\t\t\t<div id=\"ngg-image-0\" class=\"ngg-gallery-thumbnail-box\" >\n\t\t\t\t        <div class=\"ngg-gallery-thumbnail\">\n            <a href=\"https:\/\/www.baisogala.radviliskis.lm.lt\/wp-content\/gallery\/mano-svajoniu-profesija-2021\/Saiva_Jakubauskaite-Copy.jpg\"\n               title=\"\"\n               data-src=\"https:\/\/www.baisogala.radviliskis.lm.lt\/wp-content\/gallery\/mano-svajoniu-profesija-2021\/Saiva_Jakubauskaite-Copy.jpg\"\n               data-thumbnail=\"https:\/\/www.baisogala.radviliskis.lm.lt\/wp-content\/gallery\/mano-svajoniu-profesija-2021\/thumbs\/thumbs_Saiva_Jakubauskaite-Copy.jpg\"\n               data-image-id=\"3578\"\n               data-title=\"Saiva_Jakubauskaite-Copy\"\n               data-description=\"\"\n               data-image-slug=\"saiva_jakubauskaite-copy\"\n               class=\"shutterset_da9c471cfaf6048c8eaeae4d9b8d2a2d\">\n                <img\n                    title=\"Saiva_Jakubauskaite-Copy\"\n                    alt=\"Saiva_Jakubauskaite-Copy\"\n                    src=\"https:\/\/www.baisogala.radviliskis.lm.lt\/wp-content\/gallery\/mano-svajoniu-profesija-2021\/thumbs\/thumbs_Saiva_Jakubauskaite-Copy.jpg\"\n                    width=\"120\"\n                    height=\"90\"\n                    style=\"max-width:100%;\"\n                \/>\n            <\/a>\n        <\/div>\n\t\t\t\t\t\t\t<\/div> \n\t\t\t\n        \n\t\t\t\t<div id=\"ngg-image-1\" class=\"ngg-gallery-thumbnail-box\" >\n\t\t\t\t        <div class=\"ngg-gallery-thumbnail\">\n            <a href=\"https:\/\/www.baisogala.radviliskis.lm.lt\/wp-content\/gallery\/mano-svajoniu-profesija-2021\/Ieva_Kasperaviciute-Copy.jpg\"\n               title=\"\"\n               data-src=\"https:\/\/www.baisogala.radviliskis.lm.lt\/wp-content\/gallery\/mano-svajoniu-profesija-2021\/Ieva_Kasperaviciute-Copy.jpg\"\n               data-thumbnail=\"https:\/\/www.baisogala.radviliskis.lm.lt\/wp-content\/gallery\/mano-svajoniu-profesija-2021\/thumbs\/thumbs_Ieva_Kasperaviciute-Copy.jpg\"\n               data-image-id=\"3579\"\n               data-title=\"Ieva_Kasperaviciute-Copy\"\n               data-description=\"\"\n               data-image-slug=\"ieva_kasperaviciute-copy\"\n               class=\"shutterset_da9c471cfaf6048c8eaeae4d9b8d2a2d\">\n                <img\n                    title=\"Ieva_Kasperaviciute-Copy\"\n                    alt=\"Ieva_Kasperaviciute-Copy\"\n                    src=\"https:\/\/www.baisogala.radviliskis.lm.lt\/wp-content\/gallery\/mano-svajoniu-profesija-2021\/thumbs\/thumbs_Ieva_Kasperaviciute-Copy.jpg\"\n                    width=\"120\"\n                    height=\"90\"\n                    style=\"max-width:100%;\"\n                \/>\n            <\/a>\n        <\/div>\n\t\t\t\t\t\t\t<\/div> \n\t\t\t\n        \n\t\t\t\t<div id=\"ngg-image-2\" class=\"ngg-gallery-thumbnail-box\" >\n\t\t\t\t        <div class=\"ngg-gallery-thumbnail\">\n            <a href=\"https:\/\/www.baisogala.radviliskis.lm.lt\/wp-content\/gallery\/mano-svajoniu-profesija-2021\/Aiste_Rajunciute-Copy.jpg\"\n               title=\"\"\n               data-src=\"https:\/\/www.baisogala.radviliskis.lm.lt\/wp-content\/gallery\/mano-svajoniu-profesija-2021\/Aiste_Rajunciute-Copy.jpg\"\n               data-thumbnail=\"https:\/\/www.baisogala.radviliskis.lm.lt\/wp-content\/gallery\/mano-svajoniu-profesija-2021\/thumbs\/thumbs_Aiste_Rajunciute-Copy.jpg\"\n               data-image-id=\"3580\"\n               data-title=\"Aiste_Rajunciute-Copy\"\n               data-description=\"\"\n               data-image-slug=\"aiste_rajunciute-copy\"\n               class=\"shutterset_da9c471cfaf6048c8eaeae4d9b8d2a2d\">\n                <img\n                    title=\"Aiste_Rajunciute-Copy\"\n                    alt=\"Aiste_Rajunciute-Copy\"\n                    src=\"https:\/\/www.baisogala.radviliskis.lm.lt\/wp-content\/gallery\/mano-svajoniu-profesija-2021\/thumbs\/thumbs_Aiste_Rajunciute-Copy.jpg\"\n                    width=\"120\"\n                    height=\"90\"\n                    style=\"max-width:100%;\"\n                \/>\n            <\/a>\n        <\/div>\n\t\t\t\t\t\t\t<\/div> \n\t\t\t\n        \n\t\t\t\t<div id=\"ngg-image-3\" class=\"ngg-gallery-thumbnail-box\" >\n\t\t\t\t        <div class=\"ngg-gallery-thumbnail\">\n            <a href=\"https:\/\/www.baisogala.radviliskis.lm.lt\/wp-content\/gallery\/mano-svajoniu-profesija-2021\/Modestas_Jelinskas-Copy.jpg\"\n               title=\"\"\n               data-src=\"https:\/\/www.baisogala.radviliskis.lm.lt\/wp-content\/gallery\/mano-svajoniu-profesija-2021\/Modestas_Jelinskas-Copy.jpg\"\n               data-thumbnail=\"https:\/\/www.baisogala.radviliskis.lm.lt\/wp-content\/gallery\/mano-svajoniu-profesija-2021\/thumbs\/thumbs_Modestas_Jelinskas-Copy.jpg\"\n               data-image-id=\"3581\"\n               data-title=\"Modestas_Jelinskas-Copy\"\n               data-description=\"\"\n               data-image-slug=\"modestas_jelinskas-copy\"\n               class=\"shutterset_da9c471cfaf6048c8eaeae4d9b8d2a2d\">\n                <img\n                    title=\"Modestas_Jelinskas-Copy\"\n                    alt=\"Modestas_Jelinskas-Copy\"\n                    src=\"https:\/\/www.baisogala.radviliskis.lm.lt\/wp-content\/gallery\/mano-svajoniu-profesija-2021\/thumbs\/thumbs_Modestas_Jelinskas-Copy.jpg\"\n                    width=\"120\"\n                    height=\"90\"\n                    style=\"max-width:100%;\"\n                \/>\n            <\/a>\n        <\/div>\n\t\t\t\t\t\t\t<\/div> \n\t\t\t\n        \n\t\t\t\t<div id=\"ngg-image-4\" class=\"ngg-gallery-thumbnail-box\" >\n\t\t\t\t        <div class=\"ngg-gallery-thumbnail\">\n            <a href=\"https:\/\/www.baisogala.radviliskis.lm.lt\/wp-content\/gallery\/mano-svajoniu-profesija-2021\/Monika_Urbonaviciute-Copy.jpg\"\n               title=\"\"\n               data-src=\"https:\/\/www.baisogala.radviliskis.lm.lt\/wp-content\/gallery\/mano-svajoniu-profesija-2021\/Monika_Urbonaviciute-Copy.jpg\"\n               data-thumbnail=\"https:\/\/www.baisogala.radviliskis.lm.lt\/wp-content\/gallery\/mano-svajoniu-profesija-2021\/thumbs\/thumbs_Monika_Urbonaviciute-Copy.jpg\"\n               data-image-id=\"3582\"\n               data-title=\"Monika_Urbonaviciute-Copy\"\n               data-description=\"\"\n               data-image-slug=\"monika_urbonaviciute-copy\"\n               class=\"shutterset_da9c471cfaf6048c8eaeae4d9b8d2a2d\">\n                <img\n                    title=\"Monika_Urbonaviciute-Copy\"\n                    alt=\"Monika_Urbonaviciute-Copy\"\n                    src=\"https:\/\/www.baisogala.radviliskis.lm.lt\/wp-content\/gallery\/mano-svajoniu-profesija-2021\/thumbs\/thumbs_Monika_Urbonaviciute-Copy.jpg\"\n                    width=\"120\"\n                    height=\"90\"\n                    style=\"max-width:100%;\"\n                \/>\n            <\/a>\n        <\/div>\n\t\t\t\t\t\t\t<\/div> \n\t\t\t\n        \n\t\t\n\t\t<!-- Pagination -->\n\t<div class='ngg-clear'><\/div>\t<\/div>\n\n<p>Gimnazijos 7-8, I-IVg klasi\u0173 mokiniai kovo m\u0117nes\u012f dalyvavo \u0160iauli\u0173 profesinio rengimo<br \/>\ncentro organizuotame konkurse \u201eMano svajoni\u0173 profesija 2021\u201c. Mokiniai pristat\u0117 darbus dail\u0117s, fotografijos, technologij\u0173, IT kategorijose.<\/p>\n<p>Dail\u0117s kategorijoje 9-10 kl. grup\u0117je IIag kl. mokin\u0117 Saiva Jakubauskait\u0117 u\u017e\u0117m\u0117 III-\u0105j\u0105 viet\u0105, 11-12 kl. grup\u0117je IVg kl. mokin\u0117 Ieva Kasperavi\u010di\u016bt\u0117 u\u017e\u0117m\u0117 II-\u0105j\u0105 viet\u0105.&nbsp; Fotografijos kategorijoje 11-12 kl. grup\u0117je IVg kl. mokin\u0117 Monika Urbonavi\u010di\u016bt\u0117 u\u017e\u0117m\u0117 I-\u0105j\u0105 viet\u0105. Mokines ruo\u0161\u0117 dail\u0117s vyr. mokytoja Audron\u0117 Kud\u017emait\u0117.<!--more--><\/p>\n<p>Technologij\u0173 kategorijoje 7-8 kl. grup\u0117je 7b kl. mokinys Modestas Jelinskas u\u017e\u0117m\u0117 III-\u0105j\u0105 viet\u0105, 11-12 kl. grup\u0117je IVg kl. mokin\u0117 Aist\u0117 Rajun\u010di\u016bt\u0117 u\u017e\u0117m\u0117 II-\u0105j\u0105 viet\u0105. IT kategorijoje 11-12 kl. grup\u0117je IIIbg kl. mokin\u0117 Au\u0161vil\u0117 Va\u0161kyt\u0117 u\u017e\u0117m\u0117 I-\u0105j\u0105 viet\u0105. Mokinius ruo\u0161\u0117 technologij\u0173 mokytoja Evelina Buivydait\u0117.<\/p>\n<p>Nuotraukose ir filmuke \u012fam\u017einti mokini\u0173 k\u016brybiniai darbai. Filmuk\u0105 matysite paspaud\u0119 \u017eod\u012f <a href=\"https:\/\/www.youtube.com\/watch?v=JSTSNYossos\" target=\"_blank\" rel=\"noopener\">\u017dI\u016aR\u0116TI<\/a><\/p>\n<p>&nbsp;<\/p>\n<p>Evelina Buivydait\u0117<\/p>\n<p>&nbsp;<\/p>\n<p>&nbsp;<\/p>\n","protected":false},"excerpt":{"rendered":"<p>Gimnazijos 7-8, I-IVg klasi\u0173 mokiniai kovo m\u0117nes\u012f dalyvavo \u0160iauli\u0173 profesinio rengimo centro organizuotame konkurse \u201eMano svajoni\u0173 profesija 2021\u201c. Mokiniai pristat\u0117 darbus dail\u0117s, fotografijos, technologij\u0173, IT kategorijose. Dail\u0117s kategorijoje 9-10 kl. grup\u0117je IIag kl. mokin\u0117 Saiva Jakubauskait\u0117 u\u017e\u0117m\u0117 III-\u0105j\u0105 viet\u0105, 11-12 &hellip; <a href=\"https:\/\/www.baisogala.radviliskis.lm.lt\/?p=8242\">Skaityti daugiau <span class=\"meta-nav\">&rarr;<\/span><\/a><\/p>\n","protected":false},"author":1,"featured_media":0,"comment_status":"open","ping_status":"open","sticky":false,"template":"","format":"standard","meta":{"ngg_post_thumbnail":0,"footnotes":"","_links_to":"","_links_to_target":""},"categories":[1],"tags":[],"class_list":["post-8242","post","type-post","status-publish","format-standard","hentry","category-be-kategorijos"],"_links":{"self":[{"href":"https:\/\/www.baisogala.radviliskis.lm.lt\/index.php?rest_route=\/wp\/v2\/posts\/8242","targetHints":{"allow":["GET"]}}],"collection":[{"href":"https:\/\/www.baisogala.radviliskis.lm.lt\/index.php?rest_route=\/wp\/v2\/posts"}],"about":[{"href":"https:\/\/www.baisogala.radviliskis.lm.lt\/index.php?rest_route=\/wp\/v2\/types\/post"}],"author":[{"embeddable":true,"href":"https:\/\/www.baisogala.radviliskis.lm.lt\/index.php?rest_route=\/wp\/v2\/users\/1"}],"replies":[{"embeddable":true,"href":"https:\/\/www.baisogala.radviliskis.lm.lt\/index.php?rest_route=%2Fwp%2Fv2%2Fcomments&post=8242"}],"version-history":[{"count":5,"href":"https:\/\/www.baisogala.radviliskis.lm.lt\/index.php?rest_route=\/wp\/v2\/posts\/8242\/revisions"}],"predecessor-version":[{"id":8247,"href":"https:\/\/www.baisogala.radviliskis.lm.lt\/index.php?rest_route=\/wp\/v2\/posts\/8242\/revisions\/8247"}],"wp:attachment":[{"href":"https:\/\/www.baisogala.radviliskis.lm.lt\/index.php?rest_route=%2Fwp%2Fv2%2Fmedia&parent=8242"}],"wp:term":[{"taxonomy":"category","embeddable":true,"href":"https:\/\/www.baisogala.radviliskis.lm.lt\/index.php?rest_route=%2Fwp%2Fv2%2Fcategories&post=8242"},{"taxonomy":"post_tag","embeddable":true,"href":"https:\/\/www.baisogala.radviliskis.lm.lt\/index.php?rest_route=%2Fwp%2Fv2%2Ftags&post=8242"}],"curies":[{"name":"wp","href":"https:\/\/api.w.org\/{rel}","templated":true}]}}