{"id":8057,"date":"2021-02-10T19:00:26","date_gmt":"2021-02-10T19:00:26","guid":{"rendered":"https:\/\/www.baisogala.radviliskis.lm.lt\/?p=8057"},"modified":"2021-02-15T10:29:21","modified_gmt":"2021-02-15T10:29:21","slug":"8057","status":"publish","type":"post","link":"https:\/\/www.baisogala.radviliskis.lm.lt\/?p=8057","title":{"rendered":"Integruotas projektas-paroda \u201eMano Lietuva\u201c"},"content":{"rendered":"<div style=\"width: 640px;\" class=\"wp-video\"><!--[if lt IE 9]><script>document.createElement('video');<\/script><![endif]-->\n<video class=\"wp-video-shortcode\" id=\"video-8057-1\" width=\"640\" height=\"360\" preload=\"metadata\" controls=\"controls\"><source type=\"video\/mp4\" src=\"https:\/\/www.baisogala.radviliskis.lm.lt\/wp-content\/uploads\/2021\/02\/Mano-Lietuva.mp4?_=1\" \/><a href=\"https:\/\/www.baisogala.radviliskis.lm.lt\/wp-content\/uploads\/2021\/02\/Mano-Lietuva.mp4\">https:\/\/www.baisogala.radviliskis.lm.lt\/wp-content\/uploads\/2021\/02\/Mano-Lietuva.mp4<\/a><\/video><\/div>\n<p>Art\u0117jant Lietuvos valstyb\u0117s dienai 5-8 ir I-IVg klasi\u0173 mokiniai dalyvavo integruotame dail\u0117s ir technologij\u0173 projekte-parodoje \u201eMano Lietuva\u201c. Mokiniai vykd\u0117 patyrimines veiklas: prisimin\u0117 Vasario 16-osios prasm\u0119 ir j\u0105 perteik\u0117 pie\u0161iniuose, kurdami tautinius aksesuarus ir puo\u0161dami langus trispalv\u0117mis \u0161irdel\u0117mis \u012fsitrauk\u0117 \u012f akcijas \u201ePamin\u0117kime Vasario 16-\u0105j\u0105 su tautine atributika\u201c ir \u201eJ\u016bs ne vieni\u201c.<!--more--><\/p>\n<p>Integruot\u0105 projekt\u0105 vykd\u0117 ir parod\u0105 pareng\u0117 dail\u0117s vyr. mokytoja Audron\u0117 Kud\u017emait\u0117 ir technologij\u0173 mokytoja Evelina Buivydait\u0117.<\/p>\n","protected":false},"excerpt":{"rendered":"<p>https:\/\/www.baisogala.radviliskis.lm.lt\/wp-content\/uploads\/2021\/02\/Mano-Lietuva.mp4 Art\u0117jant Lietuvos valstyb\u0117s dienai 5-8 ir I-IVg klasi\u0173 mokiniai dalyvavo integruotame dail\u0117s ir technologij\u0173 projekte-parodoje \u201eMano Lietuva\u201c. Mokiniai vykd\u0117 patyrimines veiklas: prisimin\u0117 Vasario 16-osios prasm\u0119 ir j\u0105 perteik\u0117 pie\u0161iniuose, kurdami tautinius aksesuarus ir puo\u0161dami langus trispalv\u0117mis \u0161irdel\u0117mis \u012fsitrauk\u0117 \u012f &hellip; <a href=\"https:\/\/www.baisogala.radviliskis.lm.lt\/?p=8057\">Skaityti daugiau <span class=\"meta-nav\">&rarr;<\/span><\/a><\/p>\n","protected":false},"author":1,"featured_media":0,"comment_status":"open","ping_status":"open","sticky":false,"template":"","format":"standard","meta":{"ngg_post_thumbnail":0,"footnotes":"","_links_to":"","_links_to_target":""},"categories":[1],"tags":[],"class_list":["post-8057","post","type-post","status-publish","format-standard","hentry","category-be-kategorijos"],"_links":{"self":[{"href":"https:\/\/www.baisogala.radviliskis.lm.lt\/index.php?rest_route=\/wp\/v2\/posts\/8057","targetHints":{"allow":["GET"]}}],"collection":[{"href":"https:\/\/www.baisogala.radviliskis.lm.lt\/index.php?rest_route=\/wp\/v2\/posts"}],"about":[{"href":"https:\/\/www.baisogala.radviliskis.lm.lt\/index.php?rest_route=\/wp\/v2\/types\/post"}],"author":[{"embeddable":true,"href":"https:\/\/www.baisogala.radviliskis.lm.lt\/index.php?rest_route=\/wp\/v2\/users\/1"}],"replies":[{"embeddable":true,"href":"https:\/\/www.baisogala.radviliskis.lm.lt\/index.php?rest_route=%2Fwp%2Fv2%2Fcomments&post=8057"}],"version-history":[{"count":3,"href":"https:\/\/www.baisogala.radviliskis.lm.lt\/index.php?rest_route=\/wp\/v2\/posts\/8057\/revisions"}],"predecessor-version":[{"id":8063,"href":"https:\/\/www.baisogala.radviliskis.lm.lt\/index.php?rest_route=\/wp\/v2\/posts\/8057\/revisions\/8063"}],"wp:attachment":[{"href":"https:\/\/www.baisogala.radviliskis.lm.lt\/index.php?rest_route=%2Fwp%2Fv2%2Fmedia&parent=8057"}],"wp:term":[{"taxonomy":"category","embeddable":true,"href":"https:\/\/www.baisogala.radviliskis.lm.lt\/index.php?rest_route=%2Fwp%2Fv2%2Fcategories&post=8057"},{"taxonomy":"post_tag","embeddable":true,"href":"https:\/\/www.baisogala.radviliskis.lm.lt\/index.php?rest_route=%2Fwp%2Fv2%2Ftags&post=8057"}],"curies":[{"name":"wp","href":"https:\/\/api.w.org\/{rel}","templated":true}]}}