{"id":7974,"date":"2021-01-13T09:32:47","date_gmt":"2021-01-13T09:32:47","guid":{"rendered":"https:\/\/www.baisogala.radviliskis.lm.lt\/?p=7974"},"modified":"2021-01-13T09:46:53","modified_gmt":"2021-01-13T09:46:53","slug":"baisogalos-gimnazijos-bendruomene-mini-laisves-gyneju-diena","status":"publish","type":"post","link":"https:\/\/www.baisogala.radviliskis.lm.lt\/?p=7974","title":{"rendered":"Baisogalos gimnazijos bendruomen\u0117 mini Laisv\u0117s gyn\u0117j\u0173 dien\u0105"},"content":{"rendered":"<!-- index.php -->\n<div\n\tclass=\"ngg-galleryoverview ngg-ajax-pagination-none\"\n\tid=\"ngg-gallery-19842c6266543e20131fe9f45db1a0dd-1\">\n\n    \t\t<!-- Thumbnails -->\n\t\t\t\t<div id=\"ngg-image-0\" class=\"ngg-gallery-thumbnail-box\" >\n\t\t\t\t        <div class=\"ngg-gallery-thumbnail\">\n            <a href=\"https:\/\/www.baisogala.radviliskis.lm.lt\/wp-content\/gallery\/2020-sveikinimas\/Sausio-13-oji..JPG\"\n               title=\"\"\n               data-src=\"https:\/\/www.baisogala.radviliskis.lm.lt\/wp-content\/gallery\/2020-sveikinimas\/Sausio-13-oji..JPG\"\n               data-thumbnail=\"https:\/\/www.baisogala.radviliskis.lm.lt\/wp-content\/gallery\/2020-sveikinimas\/thumbs\/thumbs_Sausio-13-oji..JPG\"\n               data-image-id=\"3518\"\n               data-title=\"Sausio 13-oji.\"\n               data-description=\"\"\n               data-image-slug=\"sausio-13-oji\"\n               class=\"shutterset_19842c6266543e20131fe9f45db1a0dd\">\n                <img\n                    title=\"Sausio 13-oji.\"\n                    alt=\"Sausio 13-oji.\"\n                    src=\"https:\/\/www.baisogala.radviliskis.lm.lt\/wp-content\/gallery\/2020-sveikinimas\/thumbs\/thumbs_Sausio-13-oji..JPG\"\n                    width=\"120\"\n                    height=\"90\"\n                    style=\"max-width:100%;\"\n                \/>\n            <\/a>\n        <\/div>\n\t\t\t\t\t\t\t<\/div> \n\t\t\t\n        \n\t\t\n\t\t<!-- Pagination -->\n\t<div class='ngg-clear'><\/div>\t<\/div>\n\n<p>Baisogalos gimnazijos bendruomen\u0117 Sausio 13-\u0105j\u0105 \u2013 Laisv\u0117s gyn\u0117j\u0173 dien\u0105 \u2013 mini \u012fsitraukdama \u012f pilietin\u0119 vienyb\u0117s ir vilties akcij\u0105 \u201eAtmintis gyva, nes liudija\u201c. Gimnazijoje u\u017edegamos \u017evakut\u0117s, kuriomis pagerbiami Laisv\u0117s gyn\u0117jai. Mokiniai&nbsp; akcijoje dalyvauja nuotoliniu b\u016bdu: namuose ant palang\u0117s u\u017edega \u017evakutes, \u017ei\u016bri dokumentin\u0119 vaizdo med\u017eiag\u0105, dalyvauja diskusijose, pie\u0161ia pie\u0161inius, ra\u0161o \u012f\u017evalgas apie Laisv\u0117s gyn\u0117j\u0173 dienos \u012fvykius ir reik\u0161m\u0119 \u0161iandieninei Lietuvai. <!--more--><\/p>\n<p>Su mokini\u0173 darbais bus galima susipa\u017einti vaizdo med\u017eiagoje po renginio.<\/p>\n<p>&nbsp;<\/p>\n<p>Evelina Buivydait\u0117<\/p>\n<p>Nuotrauka Algirdo Jurk\u0117no<\/p>\n","protected":false},"excerpt":{"rendered":"<p>Baisogalos gimnazijos bendruomen\u0117 Sausio 13-\u0105j\u0105 \u2013 Laisv\u0117s gyn\u0117j\u0173 dien\u0105 \u2013 mini \u012fsitraukdama \u012f pilietin\u0119 vienyb\u0117s ir vilties akcij\u0105 \u201eAtmintis gyva, nes liudija\u201c. Gimnazijoje u\u017edegamos \u017evakut\u0117s, kuriomis pagerbiami Laisv\u0117s gyn\u0117jai. Mokiniai&nbsp; akcijoje dalyvauja nuotoliniu b\u016bdu: namuose ant palang\u0117s u\u017edega \u017evakutes, \u017ei\u016bri &hellip; <a href=\"https:\/\/www.baisogala.radviliskis.lm.lt\/?p=7974\">Skaityti daugiau <span class=\"meta-nav\">&rarr;<\/span><\/a><\/p>\n","protected":false},"author":1,"featured_media":0,"comment_status":"open","ping_status":"open","sticky":false,"template":"","format":"standard","meta":{"ngg_post_thumbnail":0,"footnotes":"","_links_to":"","_links_to_target":""},"categories":[1],"tags":[],"class_list":["post-7974","post","type-post","status-publish","format-standard","hentry","category-be-kategorijos"],"_links":{"self":[{"href":"https:\/\/www.baisogala.radviliskis.lm.lt\/index.php?rest_route=\/wp\/v2\/posts\/7974","targetHints":{"allow":["GET"]}}],"collection":[{"href":"https:\/\/www.baisogala.radviliskis.lm.lt\/index.php?rest_route=\/wp\/v2\/posts"}],"about":[{"href":"https:\/\/www.baisogala.radviliskis.lm.lt\/index.php?rest_route=\/wp\/v2\/types\/post"}],"author":[{"embeddable":true,"href":"https:\/\/www.baisogala.radviliskis.lm.lt\/index.php?rest_route=\/wp\/v2\/users\/1"}],"replies":[{"embeddable":true,"href":"https:\/\/www.baisogala.radviliskis.lm.lt\/index.php?rest_route=%2Fwp%2Fv2%2Fcomments&post=7974"}],"version-history":[{"count":2,"href":"https:\/\/www.baisogala.radviliskis.lm.lt\/index.php?rest_route=\/wp\/v2\/posts\/7974\/revisions"}],"predecessor-version":[{"id":7984,"href":"https:\/\/www.baisogala.radviliskis.lm.lt\/index.php?rest_route=\/wp\/v2\/posts\/7974\/revisions\/7984"}],"wp:attachment":[{"href":"https:\/\/www.baisogala.radviliskis.lm.lt\/index.php?rest_route=%2Fwp%2Fv2%2Fmedia&parent=7974"}],"wp:term":[{"taxonomy":"category","embeddable":true,"href":"https:\/\/www.baisogala.radviliskis.lm.lt\/index.php?rest_route=%2Fwp%2Fv2%2Fcategories&post=7974"},{"taxonomy":"post_tag","embeddable":true,"href":"https:\/\/www.baisogala.radviliskis.lm.lt\/index.php?rest_route=%2Fwp%2Fv2%2Ftags&post=7974"}],"curies":[{"name":"wp","href":"https:\/\/api.w.org\/{rel}","templated":true}]}}