{"id":7852,"date":"2020-11-19T09:53:09","date_gmt":"2020-11-19T09:53:09","guid":{"rendered":"https:\/\/www.baisogala.radviliskis.lm.lt\/?p=7852"},"modified":"2020-12-22T13:52:46","modified_gmt":"2020-12-22T13:52:46","slug":"6-8-kl-sokejai-tarptautineje-vaiku-draugystes-iniciatyvoje-matau-tave","status":"publish","type":"post","link":"https:\/\/www.baisogala.radviliskis.lm.lt\/?p=7852","title":{"rendered":"6-8 kl. \u0161ok\u0117jai \u2013 tarptautin\u0117je vaik\u0173 draugyst\u0117s iniciatyvoje ,,Matau Tave\u201c"},"content":{"rendered":"<!-- index.php -->\n<div\n\tclass=\"ngg-galleryoverview ngg-ajax-pagination-none\"\n\tid=\"ngg-gallery-30b74106b6c865ac13ed97121e799c16-1\">\n\n    \t\t<!-- Thumbnails -->\n\t\t\t\t<div id=\"ngg-image-0\" class=\"ngg-gallery-thumbnail-box\" >\n\t\t\t\t        <div class=\"ngg-gallery-thumbnail\">\n            <a href=\"https:\/\/www.baisogala.radviliskis.lm.lt\/wp-content\/gallery\/matau-tave2020\/1-1.jpg\"\n               title=\"\"\n               data-src=\"https:\/\/www.baisogala.radviliskis.lm.lt\/wp-content\/gallery\/matau-tave2020\/1-1.jpg\"\n               data-thumbnail=\"https:\/\/www.baisogala.radviliskis.lm.lt\/wp-content\/gallery\/matau-tave2020\/thumbs\/thumbs_1-1.jpg\"\n               data-image-id=\"3490\"\n               data-title=\"1 (1)\"\n               data-description=\"\"\n               data-image-slug=\"1-1-8\"\n               class=\"shutterset_30b74106b6c865ac13ed97121e799c16\">\n                <img\n                    title=\"1 (1)\"\n                    alt=\"1 (1)\"\n                    src=\"https:\/\/www.baisogala.radviliskis.lm.lt\/wp-content\/gallery\/matau-tave2020\/thumbs\/thumbs_1-1.jpg\"\n                    width=\"120\"\n                    height=\"90\"\n                    style=\"max-width:100%;\"\n                \/>\n            <\/a>\n        <\/div>\n\t\t\t\t\t\t\t<\/div> \n\t\t\t\n        \n\t\t\t\t<div id=\"ngg-image-1\" class=\"ngg-gallery-thumbnail-box\" >\n\t\t\t\t        <div class=\"ngg-gallery-thumbnail\">\n            <a href=\"https:\/\/www.baisogala.radviliskis.lm.lt\/wp-content\/gallery\/matau-tave2020\/1-2.jpg\"\n               title=\"\"\n               data-src=\"https:\/\/www.baisogala.radviliskis.lm.lt\/wp-content\/gallery\/matau-tave2020\/1-2.jpg\"\n               data-thumbnail=\"https:\/\/www.baisogala.radviliskis.lm.lt\/wp-content\/gallery\/matau-tave2020\/thumbs\/thumbs_1-2.jpg\"\n               data-image-id=\"3491\"\n               data-title=\"1 (2)\"\n               data-description=\"\"\n               data-image-slug=\"1-2-9\"\n               class=\"shutterset_30b74106b6c865ac13ed97121e799c16\">\n                <img\n                    title=\"1 (2)\"\n                    alt=\"1 (2)\"\n                    src=\"https:\/\/www.baisogala.radviliskis.lm.lt\/wp-content\/gallery\/matau-tave2020\/thumbs\/thumbs_1-2.jpg\"\n                    width=\"120\"\n                    height=\"90\"\n                    style=\"max-width:100%;\"\n                \/>\n            <\/a>\n        <\/div>\n\t\t\t\t\t\t\t<\/div> \n\t\t\t\n        \n\t\t\n\t\t<!-- Pagination -->\n\t<div class='ngg-clear'><\/div>\t<\/div>\n\n<p>LRT ir laidos \u201eT\u016bkstantme\u010dio vaikai\u201c k\u016br\u0117jai jung\u0117si prie Europos transliuotoj\u0173 s\u0105jungos (angl. European Broadcasting Union, EBU) tarptautin\u0117s vaik\u0173 draugyst\u0117s iniciatyvos \u201eSay Hi\u201c ir kartu su kitais dalyvaujan\u010diais visuomeniniais transliuotojais i\u0161 Europos ir Japonijos kviet\u0117 vaikus b\u016bti draugi\u0161kus vieni kitiems, priimti skirtumus ir visiems kartu atlikti bendr\u0105 dain\u0105 ir \u0161ok\u012f. Lietuvoje LRT kampanija vyko su \u0161\u016bkiu ,,MATAU TAVE!\u201c. \u012e tarptautin\u0119 vaik\u0173 draugyst\u0117s iniciatyv\u0105 \u012fsitrauk\u0117 14 u\u017esienio \u0161ali\u0173.<!--more--><\/p>\n<p>Lapkri\u010dio 12 d. 13 val. m\u016bs\u0173 gimnazijos 6-8 kl. \u0161oki\u0173 grup\u0117s nar\u0117s V. Teider, E. Pirinauskait\u0117, D. Damasickyt\u0117, N. \u0160ernait\u0117, D. \u017ditinevi\u010di\u016bt\u0117, D. Legeckait\u0117, S. \u010cichunova, M. Dailidonyt\u0117, palaikydamos \u0161i\u0105 iniciatyv\u0105, \u0161oko drauge su visos Lietuvos ir net Europos vaikais.<\/p>\n<p>&nbsp;<\/p>\n<p>J\u016brat\u0117 Ka\u010diukevi\u010dien\u0117<\/p>\n","protected":false},"excerpt":{"rendered":"<p>LRT ir laidos \u201eT\u016bkstantme\u010dio vaikai\u201c k\u016br\u0117jai jung\u0117si prie Europos transliuotoj\u0173 s\u0105jungos (angl. European Broadcasting Union, EBU) tarptautin\u0117s vaik\u0173 draugyst\u0117s iniciatyvos \u201eSay Hi\u201c ir kartu su kitais dalyvaujan\u010diais visuomeniniais transliuotojais i\u0161 Europos ir Japonijos kviet\u0117 vaikus b\u016bti draugi\u0161kus vieni kitiems, priimti &hellip; <a href=\"https:\/\/www.baisogala.radviliskis.lm.lt\/?p=7852\">Skaityti daugiau <span class=\"meta-nav\">&rarr;<\/span><\/a><\/p>\n","protected":false},"author":1,"featured_media":0,"comment_status":"closed","ping_status":"closed","sticky":false,"template":"","format":"standard","meta":{"ngg_post_thumbnail":0,"footnotes":"","_links_to":"","_links_to_target":""},"categories":[1],"tags":[],"class_list":["post-7852","post","type-post","status-publish","format-standard","hentry","category-be-kategorijos"],"_links":{"self":[{"href":"https:\/\/www.baisogala.radviliskis.lm.lt\/index.php?rest_route=\/wp\/v2\/posts\/7852","targetHints":{"allow":["GET"]}}],"collection":[{"href":"https:\/\/www.baisogala.radviliskis.lm.lt\/index.php?rest_route=\/wp\/v2\/posts"}],"about":[{"href":"https:\/\/www.baisogala.radviliskis.lm.lt\/index.php?rest_route=\/wp\/v2\/types\/post"}],"author":[{"embeddable":true,"href":"https:\/\/www.baisogala.radviliskis.lm.lt\/index.php?rest_route=\/wp\/v2\/users\/1"}],"replies":[{"embeddable":true,"href":"https:\/\/www.baisogala.radviliskis.lm.lt\/index.php?rest_route=%2Fwp%2Fv2%2Fcomments&post=7852"}],"version-history":[{"count":2,"href":"https:\/\/www.baisogala.radviliskis.lm.lt\/index.php?rest_route=\/wp\/v2\/posts\/7852\/revisions"}],"predecessor-version":[{"id":7854,"href":"https:\/\/www.baisogala.radviliskis.lm.lt\/index.php?rest_route=\/wp\/v2\/posts\/7852\/revisions\/7854"}],"wp:attachment":[{"href":"https:\/\/www.baisogala.radviliskis.lm.lt\/index.php?rest_route=%2Fwp%2Fv2%2Fmedia&parent=7852"}],"wp:term":[{"taxonomy":"category","embeddable":true,"href":"https:\/\/www.baisogala.radviliskis.lm.lt\/index.php?rest_route=%2Fwp%2Fv2%2Fcategories&post=7852"},{"taxonomy":"post_tag","embeddable":true,"href":"https:\/\/www.baisogala.radviliskis.lm.lt\/index.php?rest_route=%2Fwp%2Fv2%2Ftags&post=7852"}],"curies":[{"name":"wp","href":"https:\/\/api.w.org\/{rel}","templated":true}]}}