{"id":7787,"date":"2020-11-09T10:23:56","date_gmt":"2020-11-09T10:23:56","guid":{"rendered":"https:\/\/www.baisogala.radviliskis.lm.lt\/?p=7787"},"modified":"2020-11-09T10:24:07","modified_gmt":"2020-11-09T10:24:07","slug":"septintokai-edukaciniame-projekte-kulturu-ratas","status":"publish","type":"post","link":"https:\/\/www.baisogala.radviliskis.lm.lt\/?p=7787","title":{"rendered":"Septintokai \u2013 edukaciniame projekte \u201eKult\u016br\u0173 ratas\u201c"},"content":{"rendered":"<!-- index.php -->\n<div\n\tclass=\"ngg-galleryoverview ngg-ajax-pagination-none\"\n\tid=\"ngg-gallery-b07f6e19858004d79da1a0cc77b1d7d1-1\">\n\n    \t\t<!-- Thumbnails -->\n\t\t\t\t<div id=\"ngg-image-0\" class=\"ngg-gallery-thumbnail-box\" >\n\t\t\t\t        <div class=\"ngg-gallery-thumbnail\">\n            <a href=\"https:\/\/www.baisogala.radviliskis.lm.lt\/wp-content\/gallery\/kulturu-ratas\/1-1.jpg\"\n               title=\"\"\n               data-src=\"https:\/\/www.baisogala.radviliskis.lm.lt\/wp-content\/gallery\/kulturu-ratas\/1-1.jpg\"\n               data-thumbnail=\"https:\/\/www.baisogala.radviliskis.lm.lt\/wp-content\/gallery\/kulturu-ratas\/thumbs\/thumbs_1-1.jpg\"\n               data-image-id=\"3485\"\n               data-title=\"1 (1)\"\n               data-description=\"\"\n               data-image-slug=\"1-1-7\"\n               class=\"shutterset_b07f6e19858004d79da1a0cc77b1d7d1\">\n                <img\n                    title=\"1 (1)\"\n                    alt=\"1 (1)\"\n                    src=\"https:\/\/www.baisogala.radviliskis.lm.lt\/wp-content\/gallery\/kulturu-ratas\/thumbs\/thumbs_1-1.jpg\"\n                    width=\"120\"\n                    height=\"90\"\n                    style=\"max-width:100%;\"\n                \/>\n            <\/a>\n        <\/div>\n\t\t\t\t\t\t\t<\/div> \n\t\t\t\n        \n\t\t\t\t<div id=\"ngg-image-1\" class=\"ngg-gallery-thumbnail-box\" >\n\t\t\t\t        <div class=\"ngg-gallery-thumbnail\">\n            <a href=\"https:\/\/www.baisogala.radviliskis.lm.lt\/wp-content\/gallery\/kulturu-ratas\/1-2.jpg\"\n               title=\"\"\n               data-src=\"https:\/\/www.baisogala.radviliskis.lm.lt\/wp-content\/gallery\/kulturu-ratas\/1-2.jpg\"\n               data-thumbnail=\"https:\/\/www.baisogala.radviliskis.lm.lt\/wp-content\/gallery\/kulturu-ratas\/thumbs\/thumbs_1-2.jpg\"\n               data-image-id=\"3486\"\n               data-title=\"1 (2)\"\n               data-description=\"\"\n               data-image-slug=\"1-2-8\"\n               class=\"shutterset_b07f6e19858004d79da1a0cc77b1d7d1\">\n                <img\n                    title=\"1 (2)\"\n                    alt=\"1 (2)\"\n                    src=\"https:\/\/www.baisogala.radviliskis.lm.lt\/wp-content\/gallery\/kulturu-ratas\/thumbs\/thumbs_1-2.jpg\"\n                    width=\"120\"\n                    height=\"90\"\n                    style=\"max-width:100%;\"\n                \/>\n            <\/a>\n        <\/div>\n\t\t\t\t\t\t\t<\/div> \n\t\t\t\n        \n\t\t\t\t<div id=\"ngg-image-2\" class=\"ngg-gallery-thumbnail-box\" >\n\t\t\t\t        <div class=\"ngg-gallery-thumbnail\">\n            <a href=\"https:\/\/www.baisogala.radviliskis.lm.lt\/wp-content\/gallery\/kulturu-ratas\/1-3.jpg\"\n               title=\"\"\n               data-src=\"https:\/\/www.baisogala.radviliskis.lm.lt\/wp-content\/gallery\/kulturu-ratas\/1-3.jpg\"\n               data-thumbnail=\"https:\/\/www.baisogala.radviliskis.lm.lt\/wp-content\/gallery\/kulturu-ratas\/thumbs\/thumbs_1-3.jpg\"\n               data-image-id=\"3487\"\n               data-title=\"1 (3)\"\n               data-description=\"\"\n               data-image-slug=\"1-3-6\"\n               class=\"shutterset_b07f6e19858004d79da1a0cc77b1d7d1\">\n                <img\n                    title=\"1 (3)\"\n                    alt=\"1 (3)\"\n                    src=\"https:\/\/www.baisogala.radviliskis.lm.lt\/wp-content\/gallery\/kulturu-ratas\/thumbs\/thumbs_1-3.jpg\"\n                    width=\"120\"\n                    height=\"90\"\n                    style=\"max-width:100%;\"\n                \/>\n            <\/a>\n        <\/div>\n\t\t\t\t\t\t\t<\/div> \n\t\t\t\n        \n\t\t\t\t<div id=\"ngg-image-3\" class=\"ngg-gallery-thumbnail-box\" >\n\t\t\t\t        <div class=\"ngg-gallery-thumbnail\">\n            <a href=\"https:\/\/www.baisogala.radviliskis.lm.lt\/wp-content\/gallery\/kulturu-ratas\/1-4.jpg\"\n               title=\"\"\n               data-src=\"https:\/\/www.baisogala.radviliskis.lm.lt\/wp-content\/gallery\/kulturu-ratas\/1-4.jpg\"\n               data-thumbnail=\"https:\/\/www.baisogala.radviliskis.lm.lt\/wp-content\/gallery\/kulturu-ratas\/thumbs\/thumbs_1-4.jpg\"\n               data-image-id=\"3488\"\n               data-title=\"1 (4)\"\n               data-description=\"\"\n               data-image-slug=\"1-4-6\"\n               class=\"shutterset_b07f6e19858004d79da1a0cc77b1d7d1\">\n                <img\n                    title=\"1 (4)\"\n                    alt=\"1 (4)\"\n                    src=\"https:\/\/www.baisogala.radviliskis.lm.lt\/wp-content\/gallery\/kulturu-ratas\/thumbs\/thumbs_1-4.jpg\"\n                    width=\"120\"\n                    height=\"90\"\n                    style=\"max-width:100%;\"\n                \/>\n            <\/a>\n        <\/div>\n\t\t\t\t\t\t\t<\/div> \n\t\t\t\n        \n\t\t\n\t\t<!-- Pagination -->\n\t<div class='ngg-clear'><\/div>\t<\/div>\n\n<p>Gimnazijos 7a ir 7b kl. mokiniai dalyvavo edukaciniame projekte \u201eKult\u016br\u0173 ratas\u201c, skirtame tautin\u0117s savimon\u0117s ir tautin\u0117s tolerancijos ugdymui, daugiakult\u016brio Lietuvos paveldo puosel\u0117jimui ir skleidimui.<!--more--><\/p>\n<p>7a kl. mokiniai technologij\u0173 pamok\u0173 metu nagrin\u0117jo Bulgarijos tautin\u012f kostium\u0105, pie\u0161\u0117 nacionalinius r\u016bbus d\u0117vin\u010dius bulgarus ir i\u0161 savo pie\u0161ini\u0173 suk\u016br\u0117 d\u0117liones. 7b kl. mokiniai daugiau d\u0117mesio skyr\u0117 totori\u0173 tekstil\u0117s pa\u017einimui ir art\u0117jantiems 2021 m. \u2013 Lietuvos totori\u0173 istorijos ir kult\u016bros metams. Mokiniai pie\u0161\u0117 totori\u0173 tekstil\u0117s ornamentus ir juos \u012fkomponavo \u012f 2021 m. kalendori\u0173.<\/p>\n<p>Visi projekte dalyvav\u0119 mokiniai apdovanoti pad\u0117kos ra\u0161tais ir dovan\u0117l\u0117mis.<\/p>\n<p>Evelina Buivydait\u0117<\/p>\n","protected":false},"excerpt":{"rendered":"<p>Gimnazijos 7a ir 7b kl. mokiniai dalyvavo edukaciniame projekte \u201eKult\u016br\u0173 ratas\u201c, skirtame tautin\u0117s savimon\u0117s ir tautin\u0117s tolerancijos ugdymui, daugiakult\u016brio Lietuvos paveldo puosel\u0117jimui ir skleidimui.<\/p>\n","protected":false},"author":1,"featured_media":0,"comment_status":"open","ping_status":"open","sticky":false,"template":"","format":"standard","meta":{"ngg_post_thumbnail":0,"footnotes":"","_links_to":"","_links_to_target":""},"categories":[1],"tags":[],"class_list":["post-7787","post","type-post","status-publish","format-standard","hentry","category-be-kategorijos"],"_links":{"self":[{"href":"https:\/\/www.baisogala.radviliskis.lm.lt\/index.php?rest_route=\/wp\/v2\/posts\/7787","targetHints":{"allow":["GET"]}}],"collection":[{"href":"https:\/\/www.baisogala.radviliskis.lm.lt\/index.php?rest_route=\/wp\/v2\/posts"}],"about":[{"href":"https:\/\/www.baisogala.radviliskis.lm.lt\/index.php?rest_route=\/wp\/v2\/types\/post"}],"author":[{"embeddable":true,"href":"https:\/\/www.baisogala.radviliskis.lm.lt\/index.php?rest_route=\/wp\/v2\/users\/1"}],"replies":[{"embeddable":true,"href":"https:\/\/www.baisogala.radviliskis.lm.lt\/index.php?rest_route=%2Fwp%2Fv2%2Fcomments&post=7787"}],"version-history":[{"count":2,"href":"https:\/\/www.baisogala.radviliskis.lm.lt\/index.php?rest_route=\/wp\/v2\/posts\/7787\/revisions"}],"predecessor-version":[{"id":7799,"href":"https:\/\/www.baisogala.radviliskis.lm.lt\/index.php?rest_route=\/wp\/v2\/posts\/7787\/revisions\/7799"}],"wp:attachment":[{"href":"https:\/\/www.baisogala.radviliskis.lm.lt\/index.php?rest_route=%2Fwp%2Fv2%2Fmedia&parent=7787"}],"wp:term":[{"taxonomy":"category","embeddable":true,"href":"https:\/\/www.baisogala.radviliskis.lm.lt\/index.php?rest_route=%2Fwp%2Fv2%2Fcategories&post=7787"},{"taxonomy":"post_tag","embeddable":true,"href":"https:\/\/www.baisogala.radviliskis.lm.lt\/index.php?rest_route=%2Fwp%2Fv2%2Ftags&post=7787"}],"curies":[{"name":"wp","href":"https:\/\/api.w.org\/{rel}","templated":true}]}}