{"id":7765,"date":"2020-11-03T10:22:12","date_gmt":"2020-11-03T10:22:12","guid":{"rendered":"https:\/\/www.baisogala.radviliskis.lm.lt\/?p=7765"},"modified":"2020-11-03T10:26:58","modified_gmt":"2020-11-03T10:26:58","slug":"atminimo-zvakutes-musu-krasto-laisves-kovotojams","status":"publish","type":"post","link":"https:\/\/www.baisogala.radviliskis.lm.lt\/?p=7765","title":{"rendered":"Atminimo \u017evakut\u0117s \u2013 m\u016bs\u0173 kra\u0161to Laisv\u0117s kovotojams"},"content":{"rendered":"\r\n<!-- index.php -->\n<div\n\tclass=\"ngg-galleryoverview ngg-ajax-pagination-none\"\n\tid=\"ngg-gallery-59c1b2581c66fdfca4d91185101293f0-1\">\n\n    \t\t<!-- Thumbnails -->\n\t\t\t\t<div id=\"ngg-image-0\" class=\"ngg-gallery-thumbnail-box\" >\n\t\t\t\t        <div class=\"ngg-gallery-thumbnail\">\n            <a href=\"https:\/\/www.baisogala.radviliskis.lm.lt\/wp-content\/gallery\/atminimo-zvakutes2020\/1-3.jpg\"\n               title=\"\"\n               data-src=\"https:\/\/www.baisogala.radviliskis.lm.lt\/wp-content\/gallery\/atminimo-zvakutes2020\/1-3.jpg\"\n               data-thumbnail=\"https:\/\/www.baisogala.radviliskis.lm.lt\/wp-content\/gallery\/atminimo-zvakutes2020\/thumbs\/thumbs_1-3.jpg\"\n               data-image-id=\"3479\"\n               data-title=\"1 (3)\"\n               data-description=\"\"\n               data-image-slug=\"1-3-5\"\n               class=\"shutterset_59c1b2581c66fdfca4d91185101293f0\">\n                <img\n                    title=\"1 (3)\"\n                    alt=\"1 (3)\"\n                    src=\"https:\/\/www.baisogala.radviliskis.lm.lt\/wp-content\/gallery\/atminimo-zvakutes2020\/thumbs\/thumbs_1-3.jpg\"\n                    width=\"120\"\n                    height=\"90\"\n                    style=\"max-width:100%;\"\n                \/>\n            <\/a>\n        <\/div>\n\t\t\t\t\t\t\t<\/div> \n\t\t\t\n        \n\t\t\t\t<div id=\"ngg-image-1\" class=\"ngg-gallery-thumbnail-box\" >\n\t\t\t\t        <div class=\"ngg-gallery-thumbnail\">\n            <a href=\"https:\/\/www.baisogala.radviliskis.lm.lt\/wp-content\/gallery\/atminimo-zvakutes2020\/1-4.jpg\"\n               title=\"\"\n               data-src=\"https:\/\/www.baisogala.radviliskis.lm.lt\/wp-content\/gallery\/atminimo-zvakutes2020\/1-4.jpg\"\n               data-thumbnail=\"https:\/\/www.baisogala.radviliskis.lm.lt\/wp-content\/gallery\/atminimo-zvakutes2020\/thumbs\/thumbs_1-4.jpg\"\n               data-image-id=\"3480\"\n               data-title=\"1 (4)\"\n               data-description=\"\"\n               data-image-slug=\"1-4-5\"\n               class=\"shutterset_59c1b2581c66fdfca4d91185101293f0\">\n                <img\n                    title=\"1 (4)\"\n                    alt=\"1 (4)\"\n                    src=\"https:\/\/www.baisogala.radviliskis.lm.lt\/wp-content\/gallery\/atminimo-zvakutes2020\/thumbs\/thumbs_1-4.jpg\"\n                    width=\"120\"\n                    height=\"90\"\n                    style=\"max-width:100%;\"\n                \/>\n            <\/a>\n        <\/div>\n\t\t\t\t\t\t\t<\/div> \n\t\t\t\n        \n\t\t\t\t<div id=\"ngg-image-2\" class=\"ngg-gallery-thumbnail-box\" >\n\t\t\t\t        <div class=\"ngg-gallery-thumbnail\">\n            <a href=\"https:\/\/www.baisogala.radviliskis.lm.lt\/wp-content\/gallery\/atminimo-zvakutes2020\/1-1.jpeg\"\n               title=\"\"\n               data-src=\"https:\/\/www.baisogala.radviliskis.lm.lt\/wp-content\/gallery\/atminimo-zvakutes2020\/1-1.jpeg\"\n               data-thumbnail=\"https:\/\/www.baisogala.radviliskis.lm.lt\/wp-content\/gallery\/atminimo-zvakutes2020\/thumbs\/thumbs_1-1.jpeg\"\n               data-image-id=\"3481\"\n               data-title=\"1 (1)\"\n               data-description=\"\"\n               data-image-slug=\"1-1-5\"\n               class=\"shutterset_59c1b2581c66fdfca4d91185101293f0\">\n                <img\n                    title=\"1 (1)\"\n                    alt=\"1 (1)\"\n                    src=\"https:\/\/www.baisogala.radviliskis.lm.lt\/wp-content\/gallery\/atminimo-zvakutes2020\/thumbs\/thumbs_1-1.jpeg\"\n                    width=\"120\"\n                    height=\"90\"\n                    style=\"max-width:100%;\"\n                \/>\n            <\/a>\n        <\/div>\n\t\t\t\t\t\t\t<\/div> \n\t\t\t\n        \n\t\t\t\t<div id=\"ngg-image-3\" class=\"ngg-gallery-thumbnail-box\" >\n\t\t\t\t        <div class=\"ngg-gallery-thumbnail\">\n            <a href=\"https:\/\/www.baisogala.radviliskis.lm.lt\/wp-content\/gallery\/atminimo-zvakutes2020\/1-1.jpg\"\n               title=\"\"\n               data-src=\"https:\/\/www.baisogala.radviliskis.lm.lt\/wp-content\/gallery\/atminimo-zvakutes2020\/1-1.jpg\"\n               data-thumbnail=\"https:\/\/www.baisogala.radviliskis.lm.lt\/wp-content\/gallery\/atminimo-zvakutes2020\/thumbs\/thumbs_1-1.jpg\"\n               data-image-id=\"3482\"\n               data-title=\"1 (1)\"\n               data-description=\"\"\n               data-image-slug=\"1-1-6\"\n               class=\"shutterset_59c1b2581c66fdfca4d91185101293f0\">\n                <img\n                    title=\"1 (1)\"\n                    alt=\"1 (1)\"\n                    src=\"https:\/\/www.baisogala.radviliskis.lm.lt\/wp-content\/gallery\/atminimo-zvakutes2020\/thumbs\/thumbs_1-1.jpg\"\n                    width=\"120\"\n                    height=\"90\"\n                    style=\"max-width:100%;\"\n                \/>\n            <\/a>\n        <\/div>\n\t\t\t\t\t\t\t<\/div> \n\t\t\t\n        \n\t\t\t\t<div id=\"ngg-image-4\" class=\"ngg-gallery-thumbnail-box\" >\n\t\t\t\t        <div class=\"ngg-gallery-thumbnail\">\n            <a href=\"https:\/\/www.baisogala.radviliskis.lm.lt\/wp-content\/gallery\/atminimo-zvakutes2020\/1-2.jpg\"\n               title=\"\"\n               data-src=\"https:\/\/www.baisogala.radviliskis.lm.lt\/wp-content\/gallery\/atminimo-zvakutes2020\/1-2.jpg\"\n               data-thumbnail=\"https:\/\/www.baisogala.radviliskis.lm.lt\/wp-content\/gallery\/atminimo-zvakutes2020\/thumbs\/thumbs_1-2.jpg\"\n               data-image-id=\"3483\"\n               data-title=\"1 (2)\"\n               data-description=\"\"\n               data-image-slug=\"1-2-7\"\n               class=\"shutterset_59c1b2581c66fdfca4d91185101293f0\">\n                <img\n                    title=\"1 (2)\"\n                    alt=\"1 (2)\"\n                    src=\"https:\/\/www.baisogala.radviliskis.lm.lt\/wp-content\/gallery\/atminimo-zvakutes2020\/thumbs\/thumbs_1-2.jpg\"\n                    width=\"120\"\n                    height=\"90\"\n                    style=\"max-width:100%;\"\n                \/>\n            <\/a>\n        <\/div>\n\t\t\t\t\t\t\t<\/div> \n\t\t\t\n        \n\t\t\n\t\t<!-- Pagination -->\n\t<div class='ngg-clear'><\/div>\t<\/div>\n\r\n\r\n\r\n\r\n<p>Lietuvos \u0161auli\u0173 s\u0105jungos iniciatyva jau eil\u0119 met\u0173 vyksta akcija \u201eU\u017edekime \u017evakel\u0119 ant laisv\u0117s kovotojo kapo!\u201c, kurios metu prie\u0161 V\u0117lines lankomos kari\u0173 savanori\u0173, \u0161auli\u0173, partizan\u0173 bei vis\u0173 T\u0117vyn\u0119 savo \u017eygdarbiais i\u0161garsinusi\u0173 asmen\u0173 am\u017einojo poilsio vietos, tvarkomi ir trispalv\u0117mis juostel\u0117mis papuo\u0161iami j\u0173 kapai, u\u017edegamos pagarbos bei atminimo \u017evakut\u0117s.<!--more--><\/p>\r\n\r\n\r\n\r\n<p>Kartu puo\u0161\u0117me m\u016bs\u0173 Baisogalos kapin\u0117se am\u017einojo poilsio atgulusi\u0173 laisv\u0117s kovotoj\u0173 kapus, tautin\u0117mis juostel\u0117mis perri\u0161ome paminklinius kry\u017eius, tylos minute pagerb\u0117me \u017euvusiuosius, sukalb\u0117jome mald\u0105. Baisogalos miestelyje prie mums brangaus istorinio Laisv\u0117s paminklo ir prie paminklinio Vy\u010dio kry\u017eiaus (toje vietoje sovietme\u010diu stov\u0117jo pastatas, kuriame buvo kankinami laisv\u0117s kovotojai) Jiems tiesiog pad\u0117kojome, nes j\u0173 d\u0117ka gyvename \u0161iandien laisvoje Lietuvoje.<\/p>\r\n\r\n\r\n\r\n<p>Laikydamiesi rekomendacij\u0173 ir reikalavim\u0173 d\u0117l COVID-19 prevencijos \u0161iais metais akcijoje sudalyvavo Baisogalos 608-osios kuopos jaunieji \u0161auliai ir Baisogalos gimnazijos b\u016brelio ,,Jaunieji Karitie\u010diai\u201c nariai.<\/p>\r\n\r\n\r\n\r\n<p>Degdami atminimo ir pagarbos \u017evakutes tikime nenutr\u016bkstamu ry\u0161iu tarp m\u016bs\u0173, \u010dia esan\u010di\u0173j\u0173, ir i\u0161\u0117jusi\u0173j\u0173 Am\u017einyb\u0117n. Tegul m\u016bs\u0173 didvyriai niekada neb\u016bna u\u017emir\u0161ti!<\/p>\r\n\r\n\r\n\r\n<p>Mokytoja Giedr\u0117 Nakutien\u0117<\/p>\r\n","protected":false},"excerpt":{"rendered":"<p>Lietuvos \u0161auli\u0173 s\u0105jungos iniciatyva jau eil\u0119 met\u0173 vyksta akcija \u201eU\u017edekime \u017evakel\u0119 ant laisv\u0117s kovotojo kapo!\u201c, kurios metu prie\u0161 V\u0117lines lankomos kari\u0173 savanori\u0173, \u0161auli\u0173, partizan\u0173 bei vis\u0173 T\u0117vyn\u0119 savo \u017eygdarbiais i\u0161garsinusi\u0173 asmen\u0173 am\u017einojo poilsio vietos, tvarkomi ir trispalv\u0117mis juostel\u0117mis papuo\u0161iami j\u0173 &hellip; <a href=\"https:\/\/www.baisogala.radviliskis.lm.lt\/?p=7765\">Skaityti daugiau <span class=\"meta-nav\">&rarr;<\/span><\/a><\/p>\n","protected":false},"author":1,"featured_media":0,"comment_status":"open","ping_status":"open","sticky":false,"template":"","format":"standard","meta":{"ngg_post_thumbnail":0,"footnotes":"","_links_to":"","_links_to_target":""},"categories":[1],"tags":[],"class_list":["post-7765","post","type-post","status-publish","format-standard","hentry","category-be-kategorijos"],"_links":{"self":[{"href":"https:\/\/www.baisogala.radviliskis.lm.lt\/index.php?rest_route=\/wp\/v2\/posts\/7765","targetHints":{"allow":["GET"]}}],"collection":[{"href":"https:\/\/www.baisogala.radviliskis.lm.lt\/index.php?rest_route=\/wp\/v2\/posts"}],"about":[{"href":"https:\/\/www.baisogala.radviliskis.lm.lt\/index.php?rest_route=\/wp\/v2\/types\/post"}],"author":[{"embeddable":true,"href":"https:\/\/www.baisogala.radviliskis.lm.lt\/index.php?rest_route=\/wp\/v2\/users\/1"}],"replies":[{"embeddable":true,"href":"https:\/\/www.baisogala.radviliskis.lm.lt\/index.php?rest_route=%2Fwp%2Fv2%2Fcomments&post=7765"}],"version-history":[{"count":3,"href":"https:\/\/www.baisogala.radviliskis.lm.lt\/index.php?rest_route=\/wp\/v2\/posts\/7765\/revisions"}],"predecessor-version":[{"id":7768,"href":"https:\/\/www.baisogala.radviliskis.lm.lt\/index.php?rest_route=\/wp\/v2\/posts\/7765\/revisions\/7768"}],"wp:attachment":[{"href":"https:\/\/www.baisogala.radviliskis.lm.lt\/index.php?rest_route=%2Fwp%2Fv2%2Fmedia&parent=7765"}],"wp:term":[{"taxonomy":"category","embeddable":true,"href":"https:\/\/www.baisogala.radviliskis.lm.lt\/index.php?rest_route=%2Fwp%2Fv2%2Fcategories&post=7765"},{"taxonomy":"post_tag","embeddable":true,"href":"https:\/\/www.baisogala.radviliskis.lm.lt\/index.php?rest_route=%2Fwp%2Fv2%2Ftags&post=7765"}],"curies":[{"name":"wp","href":"https:\/\/api.w.org\/{rel}","templated":true}]}}