{"id":14019,"date":"2026-04-24T06:07:13","date_gmt":"2026-04-24T06:07:13","guid":{"rendered":"https:\/\/www.baisogala.radviliskis.lm.lt\/?p=14019"},"modified":"2026-04-24T06:07:22","modified_gmt":"2026-04-24T06:07:22","slug":"ateities-mokyklos-baigimo-svente","status":"publish","type":"post","link":"https:\/\/www.baisogala.radviliskis.lm.lt\/?p=14019","title":{"rendered":"\u201eAteities\u201c mokyklos baigimo \u0161vent\u0117"},"content":{"rendered":"<p style=\"text-align: justify;\">&nbsp; &nbsp; &nbsp; &nbsp; 2024- 2026 m.m. Baisogalos gimnazijos mokin\u0117s Ieva Grigali\u016bnait\u0117, Valerija Teider, Dileta Damasickyt\u0117, Brigita Tamulionyt\u0117 lank\u0117 Radvili\u0161kio rajono savivaldyb\u0117s demokratijos ir socialini\u0173 \u012fg\u016bd\u017ei\u0173 mokykl\u0105 \u201eATEITIS\u201d, kurios metu susipa\u017eino su \u012fvairiais rajono savivaldyb\u0117s skyriais, j\u0173 ypatumais ir funkcijomis, apsilank\u0117 j\u0173 darbo vietose.<br \/>\n&nbsp; &nbsp; &nbsp; &nbsp; Baland\u017eio 23d. dalyvavo paskutiniame baigiamajame mokyklos \u201eATEITIS\u201d susitikime, kuriame buvo \u012fteikti \u0161ios mokyklos baigimo diplomai.<\/p>\n<p style=\"text-align: justify;\">Informacija Mokini\u0173 tarybos pirminink\u0117s Diletos Damasickyt\u0117s, nuotraukos Ievos Grigali\u016bnait\u0117s<\/p>\n\n\n<div class=\"ngg-galleryoverview ngg-slideshow\"\n\t id=\"ngg-slideshow-bf423c0185ed60ec3167b6d4f9f0010d-6586152030\"\n     data-gallery-id=\"bf423c0185ed60ec3167b6d4f9f0010d\"\n     style=\"max-width: 780px; max-height: 580px;\">\n\n \t<div id=\"ngg-image-0\" class=\"ngg-gallery-slideshow-image\" style=\"height:580px\">\n\n        <a href=\"https:\/\/www.baisogala.radviliskis.lm.lt\/wp-content\/gallery\/ateities-mokyklos-baigimo-svente\/AM2.jpeg\"\n           title=\"\"\n           data-src=\"https:\/\/www.baisogala.radviliskis.lm.lt\/wp-content\/gallery\/ateities-mokyklos-baigimo-svente\/AM2.jpeg\"\n           data-thumbnail=\"https:\/\/www.baisogala.radviliskis.lm.lt\/wp-content\/gallery\/ateities-mokyklos-baigimo-svente\/thumbs\/thumbs_AM2.jpeg\"\n           data-image-id=\"5644\"\n           data-title=\"AM2\"\n           data-description=\"\"\n           class=\"shutterset_bf423c0185ed60ec3167b6d4f9f0010d\">\n\n            <img data-image-id='5644'\n                 title=\"\"\n                 alt=\"AM2\"\n                 src=\"https:\/\/www.baisogala.radviliskis.lm.lt\/wp-content\/gallery\/ateities-mokyklos-baigimo-svente\/AM2.jpeg\"\n                 style=\"max-height: 560px;\"\/>\n        <\/a>\n\n        <\/div> \n<div id=\"ngg-image-1\" class=\"ngg-gallery-slideshow-image\" style=\"height:580px\">\n\n        <a href=\"https:\/\/www.baisogala.radviliskis.lm.lt\/wp-content\/gallery\/ateities-mokyklos-baigimo-svente\/AM-1.jpeg\"\n           title=\"\"\n           data-src=\"https:\/\/www.baisogala.radviliskis.lm.lt\/wp-content\/gallery\/ateities-mokyklos-baigimo-svente\/AM-1.jpeg\"\n           data-thumbnail=\"https:\/\/www.baisogala.radviliskis.lm.lt\/wp-content\/gallery\/ateities-mokyklos-baigimo-svente\/thumbs\/thumbs_AM-1.jpeg\"\n           data-image-id=\"5645\"\n           data-title=\"AM-1\"\n           data-description=\"\"\n           class=\"shutterset_bf423c0185ed60ec3167b6d4f9f0010d\">\n\n            <img data-image-id='5645'\n                 title=\"\"\n                 alt=\"AM-1\"\n                 src=\"https:\/\/www.baisogala.radviliskis.lm.lt\/wp-content\/gallery\/ateities-mokyklos-baigimo-svente\/AM-1.jpeg\"\n                 style=\"max-height: 560px;\"\/>\n        <\/a>\n\n        <\/div> \n<\/div>\n\n\n\n\n","protected":false},"excerpt":{"rendered":"<p>&nbsp; &nbsp; &nbsp; &nbsp; 2024- 2026 m.m. Baisogalos gimnazijos mokin\u0117s Ieva Grigali\u016bnait\u0117, Valerija Teider, Dileta Damasickyt\u0117, Brigita Tamulionyt\u0117 lank\u0117 Radvili\u0161kio rajono savivaldyb\u0117s demokratijos ir socialini\u0173 \u012fg\u016bd\u017ei\u0173 mokykl\u0105 \u201eATEITIS\u201d, kurios metu susipa\u017eino su \u012fvairiais rajono savivaldyb\u0117s skyriais, j\u0173 ypatumais ir funkcijomis, &hellip; <a href=\"https:\/\/www.baisogala.radviliskis.lm.lt\/?p=14019\">Skaityti daugiau <span class=\"meta-nav\">&rarr;<\/span><\/a><\/p>\n","protected":false},"author":2,"featured_media":0,"comment_status":"open","ping_status":"open","sticky":false,"template":"","format":"standard","meta":{"ngg_post_thumbnail":0,"footnotes":"","_links_to":"","_links_to_target":""},"categories":[1],"tags":[],"class_list":["post-14019","post","type-post","status-publish","format-standard","hentry","category-be-kategorijos"],"_links":{"self":[{"href":"https:\/\/www.baisogala.radviliskis.lm.lt\/index.php?rest_route=\/wp\/v2\/posts\/14019","targetHints":{"allow":["GET"]}}],"collection":[{"href":"https:\/\/www.baisogala.radviliskis.lm.lt\/index.php?rest_route=\/wp\/v2\/posts"}],"about":[{"href":"https:\/\/www.baisogala.radviliskis.lm.lt\/index.php?rest_route=\/wp\/v2\/types\/post"}],"author":[{"embeddable":true,"href":"https:\/\/www.baisogala.radviliskis.lm.lt\/index.php?rest_route=\/wp\/v2\/users\/2"}],"replies":[{"embeddable":true,"href":"https:\/\/www.baisogala.radviliskis.lm.lt\/index.php?rest_route=%2Fwp%2Fv2%2Fcomments&post=14019"}],"version-history":[{"count":2,"href":"https:\/\/www.baisogala.radviliskis.lm.lt\/index.php?rest_route=\/wp\/v2\/posts\/14019\/revisions"}],"predecessor-version":[{"id":14021,"href":"https:\/\/www.baisogala.radviliskis.lm.lt\/index.php?rest_route=\/wp\/v2\/posts\/14019\/revisions\/14021"}],"wp:attachment":[{"href":"https:\/\/www.baisogala.radviliskis.lm.lt\/index.php?rest_route=%2Fwp%2Fv2%2Fmedia&parent=14019"}],"wp:term":[{"taxonomy":"category","embeddable":true,"href":"https:\/\/www.baisogala.radviliskis.lm.lt\/index.php?rest_route=%2Fwp%2Fv2%2Fcategories&post=14019"},{"taxonomy":"post_tag","embeddable":true,"href":"https:\/\/www.baisogala.radviliskis.lm.lt\/index.php?rest_route=%2Fwp%2Fv2%2Ftags&post=14019"}],"curies":[{"name":"wp","href":"https:\/\/api.w.org\/{rel}","templated":true}]}}