{"id":14014,"date":"2026-04-24T06:04:38","date_gmt":"2026-04-24T06:04:38","guid":{"rendered":"https:\/\/www.baisogala.radviliskis.lm.lt\/?p=14014"},"modified":"2026-04-24T06:04:38","modified_gmt":"2026-04-24T06:04:38","slug":"mokiniu-mokomoji-bendrove-domodi-renginyje-siauliuose","status":"publish","type":"post","link":"https:\/\/www.baisogala.radviliskis.lm.lt\/?p=14014","title":{"rendered":"Mokini\u0173 mokomoji bendrov\u0117 \u201eDOMODI\u201c renginyje \u0160iauliuose"},"content":{"rendered":"<p style=\"text-align: justify;\">&nbsp; &nbsp; &nbsp; &nbsp; Baland\u017eio 17d. m\u016bs\u0173 mokyklos mokomoji mokini\u0173 bendrov\u0117 \u201eDOMODI\u201d dalyvavo regionin\u0117je 10-oje \u0160iauli\u0173 mokom\u0173j\u0173 bendrovi\u0173 expo, kuri vyko \u0160iauli\u0173 prekybos ir pramog\u0173 centre Akropolyje. Komanda pristat\u0117 savo verslo id\u0117j\u0105 ir produkt\u0105 komisijos nariams ir bendruomenei, kurie ne tik \u012fvertino bendrov\u0117s kuriam\u0105 produkt\u0105 ir id\u0117j\u0105, bet ir dav\u0117 nauding\u0173 patarim\u0173 tolimesniam verslo augimui.&nbsp;<br \/>\n&nbsp; &nbsp; &nbsp; &nbsp; Po mokini\u0173 mokom\u0173j\u0173 bendrovi\u0173 expo MMB \u201eDOMODI\u201d toliau t\u0119sia savo veikl\u0105 ir tobulina kuriam\u0105 produkt\u0105.<\/p>\n<p>III ag. mokin\u0117, MMB \u201eDOMODI\u201d prezident\u0117 Dileta Damasickyt\u0117<\/p>\n\n\n<div class=\"ngg-galleryoverview ngg-slideshow\"\n\t id=\"ngg-slideshow-dec8462cae3ef0664a939510f55d9d17-11424006560\"\n     data-gallery-id=\"dec8462cae3ef0664a939510f55d9d17\"\n     style=\"max-width: 780px; max-height: 780px;\">\n\n \t<div id=\"ngg-image-0\" class=\"ngg-gallery-slideshow-image\" style=\"height:780px\">\n\n        <a href=\"https:\/\/www.baisogala.radviliskis.lm.lt\/wp-content\/gallery\/mokiniu-mokomoji-bendrove-domodi-renginyje-siauliuose\/DM2.jpeg\"\n           title=\"\"\n           data-src=\"https:\/\/www.baisogala.radviliskis.lm.lt\/wp-content\/gallery\/mokiniu-mokomoji-bendrove-domodi-renginyje-siauliuose\/DM2.jpeg\"\n           data-thumbnail=\"https:\/\/www.baisogala.radviliskis.lm.lt\/wp-content\/gallery\/mokiniu-mokomoji-bendrove-domodi-renginyje-siauliuose\/thumbs\/thumbs_DM2.jpeg\"\n           data-image-id=\"5642\"\n           data-title=\"DM2\"\n           data-description=\"\"\n           class=\"shutterset_dec8462cae3ef0664a939510f55d9d17\">\n\n            <img data-image-id='5642'\n                 title=\"\"\n                 alt=\"DM2\"\n                 src=\"https:\/\/www.baisogala.radviliskis.lm.lt\/wp-content\/gallery\/mokiniu-mokomoji-bendrove-domodi-renginyje-siauliuose\/DM2.jpeg\"\n                 style=\"max-height: 760px;\"\/>\n        <\/a>\n\n        <\/div> \n<div id=\"ngg-image-1\" class=\"ngg-gallery-slideshow-image\" style=\"height:780px\">\n\n        <a href=\"https:\/\/www.baisogala.radviliskis.lm.lt\/wp-content\/gallery\/mokiniu-mokomoji-bendrove-domodi-renginyje-siauliuose\/DM-1.jpeg\"\n           title=\"\"\n           data-src=\"https:\/\/www.baisogala.radviliskis.lm.lt\/wp-content\/gallery\/mokiniu-mokomoji-bendrove-domodi-renginyje-siauliuose\/DM-1.jpeg\"\n           data-thumbnail=\"https:\/\/www.baisogala.radviliskis.lm.lt\/wp-content\/gallery\/mokiniu-mokomoji-bendrove-domodi-renginyje-siauliuose\/thumbs\/thumbs_DM-1.jpeg\"\n           data-image-id=\"5643\"\n           data-title=\"DM-1\"\n           data-description=\"\"\n           class=\"shutterset_dec8462cae3ef0664a939510f55d9d17\">\n\n            <img data-image-id='5643'\n                 title=\"\"\n                 alt=\"DM-1\"\n                 src=\"https:\/\/www.baisogala.radviliskis.lm.lt\/wp-content\/gallery\/mokiniu-mokomoji-bendrove-domodi-renginyje-siauliuose\/DM-1.jpeg\"\n                 style=\"max-height: 760px;\"\/>\n        <\/a>\n\n        <\/div> \n<\/div>\n\n\n\n\n","protected":false},"excerpt":{"rendered":"<p>&nbsp; &nbsp; &nbsp; &nbsp; Baland\u017eio 17d. m\u016bs\u0173 mokyklos mokomoji mokini\u0173 bendrov\u0117 \u201eDOMODI\u201d dalyvavo regionin\u0117je 10-oje \u0160iauli\u0173 mokom\u0173j\u0173 bendrovi\u0173 expo, kuri vyko \u0160iauli\u0173 prekybos ir pramog\u0173 centre Akropolyje. Komanda pristat\u0117 savo verslo id\u0117j\u0105 ir produkt\u0105 komisijos nariams ir bendruomenei, kurie ne &hellip; <a href=\"https:\/\/www.baisogala.radviliskis.lm.lt\/?p=14014\">Skaityti daugiau <span class=\"meta-nav\">&rarr;<\/span><\/a><\/p>\n","protected":false},"author":2,"featured_media":0,"comment_status":"open","ping_status":"open","sticky":false,"template":"","format":"standard","meta":{"ngg_post_thumbnail":0,"footnotes":"","_links_to":"","_links_to_target":""},"categories":[1],"tags":[],"class_list":["post-14014","post","type-post","status-publish","format-standard","hentry","category-be-kategorijos"],"_links":{"self":[{"href":"https:\/\/www.baisogala.radviliskis.lm.lt\/index.php?rest_route=\/wp\/v2\/posts\/14014","targetHints":{"allow":["GET"]}}],"collection":[{"href":"https:\/\/www.baisogala.radviliskis.lm.lt\/index.php?rest_route=\/wp\/v2\/posts"}],"about":[{"href":"https:\/\/www.baisogala.radviliskis.lm.lt\/index.php?rest_route=\/wp\/v2\/types\/post"}],"author":[{"embeddable":true,"href":"https:\/\/www.baisogala.radviliskis.lm.lt\/index.php?rest_route=\/wp\/v2\/users\/2"}],"replies":[{"embeddable":true,"href":"https:\/\/www.baisogala.radviliskis.lm.lt\/index.php?rest_route=%2Fwp%2Fv2%2Fcomments&post=14014"}],"version-history":[{"count":1,"href":"https:\/\/www.baisogala.radviliskis.lm.lt\/index.php?rest_route=\/wp\/v2\/posts\/14014\/revisions"}],"predecessor-version":[{"id":14015,"href":"https:\/\/www.baisogala.radviliskis.lm.lt\/index.php?rest_route=\/wp\/v2\/posts\/14014\/revisions\/14015"}],"wp:attachment":[{"href":"https:\/\/www.baisogala.radviliskis.lm.lt\/index.php?rest_route=%2Fwp%2Fv2%2Fmedia&parent=14014"}],"wp:term":[{"taxonomy":"category","embeddable":true,"href":"https:\/\/www.baisogala.radviliskis.lm.lt\/index.php?rest_route=%2Fwp%2Fv2%2Fcategories&post=14014"},{"taxonomy":"post_tag","embeddable":true,"href":"https:\/\/www.baisogala.radviliskis.lm.lt\/index.php?rest_route=%2Fwp%2Fv2%2Ftags&post=14014"}],"curies":[{"name":"wp","href":"https:\/\/api.w.org\/{rel}","templated":true}]}}